{"id":10810,"date":"2025-02-13T14:43:34","date_gmt":"2025-02-13T13:43:34","guid":{"rendered":"https:\/\/elcafedepipa.com\/?p=10810"},"modified":"2025-02-13T14:43:36","modified_gmt":"2025-02-13T13:43:36","slug":"la-secretaria-destat-dagricultura-visita-la-cooperativa-agricola-vallfrut","status":"publish","type":"post","link":"https:\/\/elcafedepipa.com\/index.php\/2025\/02\/13\/la-secretaria-destat-dagricultura-visita-la-cooperativa-agricola-vallfrut\/","title":{"rendered":"La secret\u00e0ria d&#8217;Estat d&#8217;Agricultura visita la Cooperativa Agr\u00edcola Vallfrut"},"content":{"rendered":"\n<p>La secret\u00e0ria d&#8217;estat d&#8217;Agricultura del Govern d&#8217;Espanya, Bego\u00f1a Garc\u00eda Bernal, ha visitat aquest mat\u00ed la Cooperativa Agr\u00edcola Vallfrut, l&#8217;empresa citr\u00edcola m\u00e9s important de la Vall d&#8217;Uix\u00f3 i un referent a la Plana Baixa, ja que \u00e9s generadora de llocs de treball al sector i recentment ha impulsat iniciatives com el lloguer de camps abandonats per posar-los en producci\u00f3.<\/p>\n\n\n\n<p>Aquesta visita estava prevista per a finals de l&#8217;any passat, com a tancament als actes del 50\u00e8 aniversari de Vallfrut, per\u00f2 es va haver d&#8217;ajornar per la dona a Val\u00e8ncia. Durant la visita a les instal\u00b7lacions, la secret\u00e0ria d&#8217;estat ha estat acompanyada per l&#8217;alcaldessa, Tania Ba\u00f1os, el regidor d&#8217;Agricultura, Marc Seguer, i part de la corporaci\u00f3 municipal i de la junta directiva de Vallfrut, que ha traslladat les reivindicacions i les demandes del sector.<br><br><\/p>\n\n\n\n<figure class=\"wp-block-image size-large\"><img fetchpriority=\"high\" decoding=\"async\" width=\"1024\" height=\"768\" src=\"https:\/\/elcafedepipa.com\/wp-content\/uploads\/2025\/02\/vallfrut-2-1024x768.jpeg\" alt=\"\" class=\"wp-image-10812\" srcset=\"https:\/\/elcafedepipa.com\/wp-content\/uploads\/2025\/02\/vallfrut-2-1024x768.jpeg 1024w, https:\/\/elcafedepipa.com\/wp-content\/uploads\/2025\/02\/vallfrut-2-300x225.jpeg 300w, https:\/\/elcafedepipa.com\/wp-content\/uploads\/2025\/02\/vallfrut-2-768x576.jpeg 768w, https:\/\/elcafedepipa.com\/wp-content\/uploads\/2025\/02\/vallfrut-2-1536x1152.jpeg 1536w, https:\/\/elcafedepipa.com\/wp-content\/uploads\/2025\/02\/vallfrut-2.jpeg 1600w\" sizes=\"(max-width: 1024px) 100vw, 1024px\" \/><\/figure>\n\n\n\n<figure class=\"wp-block-image size-large\"><img decoding=\"async\" width=\"1024\" height=\"768\" src=\"https:\/\/elcafedepipa.com\/wp-content\/uploads\/2025\/02\/vallfrut-3-1024x768.jpeg\" alt=\"\" class=\"wp-image-10813\" srcset=\"https:\/\/elcafedepipa.com\/wp-content\/uploads\/2025\/02\/vallfrut-3-1024x768.jpeg 1024w, https:\/\/elcafedepipa.com\/wp-content\/uploads\/2025\/02\/vallfrut-3-300x225.jpeg 300w, https:\/\/elcafedepipa.com\/wp-content\/uploads\/2025\/02\/vallfrut-3-768x576.jpeg 768w, https:\/\/elcafedepipa.com\/wp-content\/uploads\/2025\/02\/vallfrut-3-1536x1152.jpeg 1536w, https:\/\/elcafedepipa.com\/wp-content\/uploads\/2025\/02\/vallfrut-3.jpeg 1600w\" sizes=\"(max-width: 1024px) 100vw, 1024px\" \/><\/figure>\n","protected":false},"excerpt":{"rendered":"<p>La secret\u00e0ria d&#8217;estat d&#8217;Agricultura del Govern d&#8217;Espanya, Bego\u00f1a Garc\u00eda Bernal, ha visitat aquest mat\u00ed la Cooperativa Agr\u00edcola Vallfrut, l&#8217;empresa citr\u00edcola m\u00e9s important de la Vall d&#8217;Uix\u00f3 i un referent a la Plana Baixa, ja que \u00e9s generadora de llocs de treball al sector i recentment ha impulsat iniciatives com el lloguer de camps abandonats per &#8230; <a title=\"La secret\u00e0ria d&#8217;Estat d&#8217;Agricultura visita la Cooperativa Agr\u00edcola Vallfrut\" class=\"read-more\" href=\"https:\/\/elcafedepipa.com\/index.php\/2025\/02\/13\/la-secretaria-destat-dagricultura-visita-la-cooperativa-agricola-vallfrut\/\" aria-label=\"M\u00e9s informaci\u00f3 sobre La secret\u00e0ria d&#8217;Estat d&#8217;Agricultura visita la Cooperativa Agr\u00edcola Vallfrut\">Read more<\/a><\/p>\n","protected":false},"author":2,"featured_media":10811,"comment_status":"closed","ping_status":"closed","sticky":false,"template":"","format":"standard","meta":{"om_disable_all_campaigns":false,"_monsterinsights_skip_tracking":false,"_monsterinsights_sitenote_active":false,"_monsterinsights_sitenote_note":"","_monsterinsights_sitenote_category":0,"_uf_show_specific_survey":0,"_uf_disable_surveys":false,"footnotes":""},"categories":[1],"tags":[],"class_list":["post-10810","post","type-post","status-publish","format-standard","has-post-thumbnail","hentry","category-non-classe"],"_links":{"self":[{"href":"https:\/\/elcafedepipa.com\/index.php\/wp-json\/wp\/v2\/posts\/10810","targetHints":{"allow":["GET"]}}],"collection":[{"href":"https:\/\/elcafedepipa.com\/index.php\/wp-json\/wp\/v2\/posts"}],"about":[{"href":"https:\/\/elcafedepipa.com\/index.php\/wp-json\/wp\/v2\/types\/post"}],"author":[{"embeddable":true,"href":"https:\/\/elcafedepipa.com\/index.php\/wp-json\/wp\/v2\/users\/2"}],"replies":[{"embeddable":true,"href":"https:\/\/elcafedepipa.com\/index.php\/wp-json\/wp\/v2\/comments?post=10810"}],"version-history":[{"count":0,"href":"https:\/\/elcafedepipa.com\/index.php\/wp-json\/wp\/v2\/posts\/10810\/revisions"}],"wp:featuredmedia":[{"embeddable":true,"href":"https:\/\/elcafedepipa.com\/index.php\/wp-json\/wp\/v2\/media\/10811"}],"wp:attachment":[{"href":"https:\/\/elcafedepipa.com\/index.php\/wp-json\/wp\/v2\/media?parent=10810"}],"wp:term":[{"taxonomy":"category","embeddable":true,"href":"https:\/\/elcafedepipa.com\/index.php\/wp-json\/wp\/v2\/categories?post=10810"},{"taxonomy":"post_tag","embeddable":true,"href":"https:\/\/elcafedepipa.com\/index.php\/wp-json\/wp\/v2\/tags?post=10810"}],"curies":[{"name":"wp","href":"https:\/\/api.w.org\/{rel}","templated":true}]}}