{"id":10756,"date":"2025-02-12T13:54:25","date_gmt":"2025-02-12T12:54:25","guid":{"rendered":"https:\/\/elcafedepipa.com\/?p=10756"},"modified":"2025-02-12T13:54:26","modified_gmt":"2025-02-12T12:54:26","slug":"93-propietaris-i-propietaries-dalmenara-solliciten-la-bonificacio-del-50-de-la-taxa-agricola-per-tindre-els-seus-terrenys-rurals-nets","status":"publish","type":"post","link":"https:\/\/elcafedepipa.com\/index.php\/2025\/02\/12\/93-propietaris-i-propietaries-dalmenara-solliciten-la-bonificacio-del-50-de-la-taxa-agricola-per-tindre-els-seus-terrenys-rurals-nets\/","title":{"rendered":"93 propietaris i propiet\u00e0ries d&#8217;Almenara sol\u00b7liciten la bonificaci\u00f3 del 50% de la taxa agr\u00edcola per tindre els seus terrenys rurals nets"},"content":{"rendered":"\n<p>Un total de 93 propietaris i propiet\u00e0ries de terrenys rurals del terme municipal d&#8217;Almenara han sol\u00b7licitat la bonificaci\u00f3 d&#8217;un 50% de la taxa agr\u00edcola, despr\u00e9s de comprometre&#8217;s a qu\u00e8 les seues terres estiguen netes i en bon estat.<\/p>\n\n\n\n<p>El regidor d&#8217;Agricultura, Borja Forner, ha recordat que \u201cla finalitat d&#8217;aquesta bonificaci\u00f3 de la taxa \u00e9s incentivar als propietaris i propiet\u00e0ries de terrenys rurals perqu\u00e8 els tinguen en bon estat i nets\u201d. Segons Forner, amb aquesta acci\u00f3 \u201cvolem evitar en la mesura que siga possible que hi haja camps abandonats, ja que es converteixen en uns grans focus d&#8217;insalubritat albergant entre la mala herba animals, insectes com&nbsp; mosquits, o plagues que fins i tot poden passar als camps ve\u00efns, sense oblidar que a m\u00e9s els terrenys abandonats suposen un elevat risc d&#8217;incendi\u201d.<\/p>\n\n\n\n<p>Una vegada tramitades les sol\u00b7licituds, des de l&#8217;Ajuntament d&#8217;Almenara es comprovar\u00e0 que els terrenys de les persones sol\u00b7licitants estiguen nets i en condicions, per a poder aplicar aquesta bonificaci\u00f3.<\/p>\n\n\n\n<p>Finalment, Borja Forner, ha agra\u00eft la implicaci\u00f3 dels propietaris i propiet\u00e0ries d&#8217;Almenara que es preocupen per tindre els seus terrenys nets per a evitar zones insalubres, plagues i incendis.<\/p>\n","protected":false},"excerpt":{"rendered":"<p>Un total de 93 propietaris i propiet\u00e0ries de terrenys rurals del terme municipal d&#8217;Almenara han sol\u00b7licitat la bonificaci\u00f3 d&#8217;un 50% de la taxa agr\u00edcola, despr\u00e9s de comprometre&#8217;s a qu\u00e8 les seues terres estiguen netes i en bon estat. El regidor d&#8217;Agricultura, Borja Forner, ha recordat que \u201cla finalitat d&#8217;aquesta bonificaci\u00f3 de la taxa \u00e9s incentivar &#8230; <a title=\"93 propietaris i propiet\u00e0ries d&#8217;Almenara sol\u00b7liciten la bonificaci\u00f3 del 50% de la taxa agr\u00edcola per tindre els seus terrenys rurals nets\" class=\"read-more\" href=\"https:\/\/elcafedepipa.com\/index.php\/2025\/02\/12\/93-propietaris-i-propietaries-dalmenara-solliciten-la-bonificacio-del-50-de-la-taxa-agricola-per-tindre-els-seus-terrenys-rurals-nets\/\" aria-label=\"M\u00e9s informaci\u00f3 sobre 93 propietaris i propiet\u00e0ries d&#8217;Almenara sol\u00b7liciten la bonificaci\u00f3 del 50% de la taxa agr\u00edcola per tindre els seus terrenys rurals nets\">Read more<\/a><\/p>\n","protected":false},"author":2,"featured_media":10757,"comment_status":"closed","ping_status":"closed","sticky":false,"template":"","format":"standard","meta":{"om_disable_all_campaigns":false,"_monsterinsights_skip_tracking":false,"_monsterinsights_sitenote_active":false,"_monsterinsights_sitenote_note":"","_monsterinsights_sitenote_category":0,"_uf_show_specific_survey":0,"_uf_disable_surveys":false,"footnotes":""},"categories":[5],"tags":[],"class_list":["post-10756","post","type-post","status-publish","format-standard","has-post-thumbnail","hentry","category-almenara"],"_links":{"self":[{"href":"https:\/\/elcafedepipa.com\/index.php\/wp-json\/wp\/v2\/posts\/10756","targetHints":{"allow":["GET"]}}],"collection":[{"href":"https:\/\/elcafedepipa.com\/index.php\/wp-json\/wp\/v2\/posts"}],"about":[{"href":"https:\/\/elcafedepipa.com\/index.php\/wp-json\/wp\/v2\/types\/post"}],"author":[{"embeddable":true,"href":"https:\/\/elcafedepipa.com\/index.php\/wp-json\/wp\/v2\/users\/2"}],"replies":[{"embeddable":true,"href":"https:\/\/elcafedepipa.com\/index.php\/wp-json\/wp\/v2\/comments?post=10756"}],"version-history":[{"count":0,"href":"https:\/\/elcafedepipa.com\/index.php\/wp-json\/wp\/v2\/posts\/10756\/revisions"}],"wp:featuredmedia":[{"embeddable":true,"href":"https:\/\/elcafedepipa.com\/index.php\/wp-json\/wp\/v2\/media\/10757"}],"wp:attachment":[{"href":"https:\/\/elcafedepipa.com\/index.php\/wp-json\/wp\/v2\/media?parent=10756"}],"wp:term":[{"taxonomy":"category","embeddable":true,"href":"https:\/\/elcafedepipa.com\/index.php\/wp-json\/wp\/v2\/categories?post=10756"},{"taxonomy":"post_tag","embeddable":true,"href":"https:\/\/elcafedepipa.com\/index.php\/wp-json\/wp\/v2\/tags?post=10756"}],"curies":[{"name":"wp","href":"https:\/\/api.w.org\/{rel}","templated":true}]}}