{"id":10751,"date":"2025-02-12T13:51:53","date_gmt":"2025-02-12T12:51:53","guid":{"rendered":"https:\/\/elcafedepipa.com\/?p=10751"},"modified":"2025-02-12T13:51:55","modified_gmt":"2025-02-12T12:51:55","slug":"podcast-sopar-tertulia-sobre-agricultura-en-la-seu-del-pspv-de-la-vall-dema-dijous","status":"publish","type":"post","link":"https:\/\/elcafedepipa.com\/index.php\/2025\/02\/12\/podcast-sopar-tertulia-sobre-agricultura-en-la-seu-del-pspv-de-la-vall-dema-dijous\/","title":{"rendered":"Podcast | Sopar-Tert\u00falia sobre agricultura en la seu del PSPV de la Vall dem\u00e0 dijous"},"content":{"rendered":"\n<figure class=\"wp-block-audio\"><audio controls src=\"https:\/\/elcafedepipa.com\/wp-content\/uploads\/2025\/02\/zaida12feb.mp3\"><\/audio><\/figure>\n\n\n\n<figure class=\"wp-block-image size-large\"><img fetchpriority=\"high\" decoding=\"async\" width=\"1024\" height=\"1024\" src=\"https:\/\/elcafedepipa.com\/wp-content\/uploads\/2025\/02\/acte-pspv-1024x1024.jpg\" alt=\"\" class=\"wp-image-10753\" srcset=\"https:\/\/elcafedepipa.com\/wp-content\/uploads\/2025\/02\/acte-pspv-1024x1024.jpg 1024w, https:\/\/elcafedepipa.com\/wp-content\/uploads\/2025\/02\/acte-pspv-300x300.jpg 300w, https:\/\/elcafedepipa.com\/wp-content\/uploads\/2025\/02\/acte-pspv-150x150.jpg 150w, https:\/\/elcafedepipa.com\/wp-content\/uploads\/2025\/02\/acte-pspv-768x768.jpg 768w, https:\/\/elcafedepipa.com\/wp-content\/uploads\/2025\/02\/acte-pspv-700x700.jpg 700w, https:\/\/elcafedepipa.com\/wp-content\/uploads\/2025\/02\/acte-pspv-45x45.jpg 45w, https:\/\/elcafedepipa.com\/wp-content\/uploads\/2025\/02\/acte-pspv.jpg 1080w\" sizes=\"(max-width: 1024px) 100vw, 1024px\" \/><\/figure>\n","protected":false},"excerpt":{"rendered":"","protected":false},"author":2,"featured_media":10752,"comment_status":"closed","ping_status":"closed","sticky":false,"template":"","format":"standard","meta":{"om_disable_all_campaigns":false,"_monsterinsights_skip_tracking":false,"_uf_show_specific_survey":0,"_uf_disable_surveys":false,"slim_seo":{"title":"Podcast | Sopar-Tert\u00falia sobre agricultura en la seu del PSPV de la Vall dem\u00e0 dijous - El caf\u00e9 de Pipa","description":""},"footnotes":""},"categories":[1],"tags":[],"ppma_author":[74],"class_list":["post-10751","post","type-post","status-publish","format-standard","has-post-thumbnail","hentry","category-non-classe"],"distributor_meta":false,"distributor_terms":false,"distributor_media":false,"distributor_original_site_name":"El caf\u00e9 de Pipa","distributor_original_site_url":"https:\/\/elcafedepipa.com","push-errors":false,"authors":[{"term_id":74,"user_id":2,"is_guest":0,"slug":"radiolavallduixo","display_name":"Vicent Arnau Forner","avatar_url":"https:\/\/secure.gravatar.com\/avatar\/26a27d13d194fc3b4d2a7a933a63466fa1af911ef6eac8a107691f6aeb82d442?s=96&d=mm&r=g","author_category":"","first_name":"ecdp","last_name":"","user_url":"http:\/\/www.elcafedepipa.com","job_title":"","description":""}],"_links":{"self":[{"href":"https:\/\/elcafedepipa.com\/index.php\/wp-json\/wp\/v2\/posts\/10751","targetHints":{"allow":["GET"]}}],"collection":[{"href":"https:\/\/elcafedepipa.com\/index.php\/wp-json\/wp\/v2\/posts"}],"about":[{"href":"https:\/\/elcafedepipa.com\/index.php\/wp-json\/wp\/v2\/types\/post"}],"author":[{"embeddable":true,"href":"https:\/\/elcafedepipa.com\/index.php\/wp-json\/wp\/v2\/users\/2"}],"replies":[{"embeddable":true,"href":"https:\/\/elcafedepipa.com\/index.php\/wp-json\/wp\/v2\/comments?post=10751"}],"version-history":[{"count":0,"href":"https:\/\/elcafedepipa.com\/index.php\/wp-json\/wp\/v2\/posts\/10751\/revisions"}],"wp:featuredmedia":[{"embeddable":true,"href":"https:\/\/elcafedepipa.com\/index.php\/wp-json\/wp\/v2\/media\/10752"}],"wp:attachment":[{"href":"https:\/\/elcafedepipa.com\/index.php\/wp-json\/wp\/v2\/media?parent=10751"}],"wp:term":[{"taxonomy":"category","embeddable":true,"href":"https:\/\/elcafedepipa.com\/index.php\/wp-json\/wp\/v2\/categories?post=10751"},{"taxonomy":"post_tag","embeddable":true,"href":"https:\/\/elcafedepipa.com\/index.php\/wp-json\/wp\/v2\/tags?post=10751"},{"taxonomy":"author","embeddable":true,"href":"https:\/\/elcafedepipa.com\/index.php\/wp-json\/wp\/v2\/ppma_author?post=10751"}],"curies":[{"name":"wp","href":"https:\/\/api.w.org\/{rel}","templated":true}]}}