{"id":10747,"date":"2025-02-12T13:43:23","date_gmt":"2025-02-12T12:43:23","guid":{"rendered":"https:\/\/elcafedepipa.com\/?p=10747"},"modified":"2025-02-12T13:43:24","modified_gmt":"2025-02-12T12:43:24","slug":"lajuntament-de-la-vall-duixo-renova-la-flota-de-la-policia-local-amb-un-cotxe-hibrid-nou","status":"publish","type":"post","link":"https:\/\/elcafedepipa.com\/index.php\/2025\/02\/12\/lajuntament-de-la-vall-duixo-renova-la-flota-de-la-policia-local-amb-un-cotxe-hibrid-nou\/","title":{"rendered":"L&#8217;Ajuntament de la Vall d&#8217;Uix\u00f3 renova la flota de la Policia Local amb un cotxe h\u00edbrid nou"},"content":{"rendered":"\n<p><strong>El model de r\u00e8nting garanteix que els vehicles estiguen sempre en bones condicions per prestar un millor servei a la ciutadania<\/strong><\/p>\n\n\n\n<p>L\u00b4Ajuntament de la Vall d\u00b4Uix\u00f3 ha comen\u00e7at l\u00b4any amb l\u00b4adquisici\u00f3 d\u00b4un vehicle h\u00edbrid per a la Policia Local. El regidor de Policia, Javier Ferreres, ha explicat que des del 2015 \u201cla pol\u00edtica que duem a terme des del govern \u00e9s la renovaci\u00f3 peri\u00f2dica de la flota, perqu\u00e8 estigui en les millors condicions per prestar servei a la ciutadania\u201d.<\/p>\n\n\n\n<p>Aix\u00ed, a trav\u00e9s de la modalitat de r\u00e8nting cada cotxe es canvia cada quatre anys. D&#8217;aquesta manera \u201ces garanteix que sempre n&#8217;estiguen nous, acabant amb el model del PP de precarietat\u201d. En aquest sentit, l\u00b4edil ha recordat que \u201cfa 10 anys ens trobem amb una flota obsoleta, amb m\u00faltiples despeses de taller i fins al punt que un municipi proper ens va haver de deixar un dels seus cotxes per patrullar\u201d.<\/p>\n\n\n\n<p>Actualment la Policia Local de la Vall d\u2019Uix\u00f3 compta amb cinc cotxes: quatre de r\u00e8nting i un en propietat. Aquest \u00faltim se substituir\u00e0 les properes setmanes per un altre dels que acaba el contracte de r\u00e8nting i s&#8217;exercir\u00e0 l&#8217;opci\u00f3 de compra \u201cpel seu bon estat i perqu\u00e8 est\u00e0 donant un bon rendiment\u201d. A m\u00e9s tamb\u00e9 t\u00e9 una furgoneta que funciona com a unitat m\u00f2bil de proximitat i atestats i set motocicletes (dues de muntanya i cinc scooters).<\/p>\n\n\n\n<p>Ferreres ha remarcat \u201cl&#8217;esfor\u00e7\u201d que es realitza perqu\u00e8 la Policia Local \u201cexerceixi la seua feina amb la millor dotaci\u00f3 material perqu\u00e8 aix\u00f2 redunda en una millor atenci\u00f3 i servei als vallers i valleres i en una ciutat m\u00e9s segura\u201d. A m\u00e9s, s&#8217;aposta per models h\u00edbrids o el\u00e8ctrics \u201cperqu\u00e8 creiem en la mobilitat sostenible i respectuosa amb el medi ambient\u201d.<br><\/p>\n\n\n\n<p><\/p>\n","protected":false},"excerpt":{"rendered":"<p>El model de r\u00e8nting garanteix que els vehicles estiguen sempre en bones condicions per prestar un millor servei a la ciutadania L\u00b4Ajuntament de la Vall d\u00b4Uix\u00f3 ha comen\u00e7at l\u00b4any amb l\u00b4adquisici\u00f3 d\u00b4un vehicle h\u00edbrid per a la Policia Local. El regidor de Policia, Javier Ferreres, ha explicat que des del 2015 \u201cla pol\u00edtica que duem &#8230; <a title=\"L&#8217;Ajuntament de la Vall d&#8217;Uix\u00f3 renova la flota de la Policia Local amb un cotxe h\u00edbrid nou\" class=\"read-more\" href=\"https:\/\/elcafedepipa.com\/index.php\/2025\/02\/12\/lajuntament-de-la-vall-duixo-renova-la-flota-de-la-policia-local-amb-un-cotxe-hibrid-nou\/\" aria-label=\"M\u00e9s informaci\u00f3 sobre L&#8217;Ajuntament de la Vall d&#8217;Uix\u00f3 renova la flota de la Policia Local amb un cotxe h\u00edbrid nou\">Read more<\/a><\/p>\n","protected":false},"author":2,"featured_media":10748,"comment_status":"closed","ping_status":"closed","sticky":false,"template":"","format":"standard","meta":{"om_disable_all_campaigns":false,"_monsterinsights_skip_tracking":false,"_monsterinsights_sitenote_active":false,"_monsterinsights_sitenote_note":"","_monsterinsights_sitenote_category":0,"_uf_show_specific_survey":0,"_uf_disable_surveys":false,"footnotes":""},"categories":[1],"tags":[],"class_list":["post-10747","post","type-post","status-publish","format-standard","has-post-thumbnail","hentry","category-non-classe"],"_links":{"self":[{"href":"https:\/\/elcafedepipa.com\/index.php\/wp-json\/wp\/v2\/posts\/10747","targetHints":{"allow":["GET"]}}],"collection":[{"href":"https:\/\/elcafedepipa.com\/index.php\/wp-json\/wp\/v2\/posts"}],"about":[{"href":"https:\/\/elcafedepipa.com\/index.php\/wp-json\/wp\/v2\/types\/post"}],"author":[{"embeddable":true,"href":"https:\/\/elcafedepipa.com\/index.php\/wp-json\/wp\/v2\/users\/2"}],"replies":[{"embeddable":true,"href":"https:\/\/elcafedepipa.com\/index.php\/wp-json\/wp\/v2\/comments?post=10747"}],"version-history":[{"count":0,"href":"https:\/\/elcafedepipa.com\/index.php\/wp-json\/wp\/v2\/posts\/10747\/revisions"}],"wp:featuredmedia":[{"embeddable":true,"href":"https:\/\/elcafedepipa.com\/index.php\/wp-json\/wp\/v2\/media\/10748"}],"wp:attachment":[{"href":"https:\/\/elcafedepipa.com\/index.php\/wp-json\/wp\/v2\/media?parent=10747"}],"wp:term":[{"taxonomy":"category","embeddable":true,"href":"https:\/\/elcafedepipa.com\/index.php\/wp-json\/wp\/v2\/categories?post=10747"},{"taxonomy":"post_tag","embeddable":true,"href":"https:\/\/elcafedepipa.com\/index.php\/wp-json\/wp\/v2\/tags?post=10747"}],"curies":[{"name":"wp","href":"https:\/\/api.w.org\/{rel}","templated":true}]}}