{"id":10701,"date":"2025-02-10T15:02:55","date_gmt":"2025-02-10T14:02:55","guid":{"rendered":"https:\/\/elcafedepipa.com\/?p=10701"},"modified":"2025-02-10T15:02:57","modified_gmt":"2025-02-10T14:02:57","slug":"nules-escolta-i-dona-protagonisme-a-la-joventut-en-el-v-forum-jove","status":"publish","type":"post","link":"https:\/\/elcafedepipa.com\/index.php\/2025\/02\/10\/nules-escolta-i-dona-protagonisme-a-la-joventut-en-el-v-forum-jove\/","title":{"rendered":"Nules escolta i dona protagonisme a la joventut en el V F\u00f2rum Jove"},"content":{"rendered":"\n<p><strong>Una trentena de joves han aportat idees per a la millora del municipi<\/strong><\/p>\n\n\n\n<p>La localitat de Nules ha albergat aquest dissabte el V F\u00f2rum Jove dirigit a persones joves d\u2019entre 12 i 30 anys, i dissenyat per a promoure la seua participaci\u00f3 en diferents assumptes que afecten el futur d\u2019aquest sector de la poblaci\u00f3.<\/p>\n\n\n\n<p>En aquest sentit, amb aquesta cinquena trobada la regidoria de Joventut de l\u2019Ajuntament de Nules segueix apostant per la creaci\u00f3 d\u2019un espai de participaci\u00f3 directa de les persones joves per a identificar i debatre les necessitats i solucions a les problem\u00e0tiques que per a aquest sector presenta el municipi.<br><br>La trobada s\u2019ha desenvolupat al Casal Jove on una trentena de joves participants han analitzat, debatut i han fet propostes al voltant de temes que els afecten i els interessen.<\/p>\n\n\n\n<p>Davant a\u00e7\u00f2, la regidora de Joventut, Blanca Silvestre, assenyala que \u201camb aquesta nova jornada continuem apostant per aquest proc\u00e9s participatiu per seguir aix\u00ed dibuixant les pol\u00edtiques municipals necess\u00e0ries&nbsp; per a la joventut de Nules. Amb tot, el que es pret\u00e9n \u00e9s el foment d\u2019una participaci\u00f3 juvenil compromesa que realment siga protagonista de les accions municipals en aquesta \u00e0rea, de manera que es puga aix\u00ed escoltar i analitzar les inquietuds de la joventut del nostre municipi i les seues demandes\u201d.<\/p>\n\n\n\n<p>Les aportacions fetes&nbsp; amb les activitats, programes i idees es detallaran en un informe que es redactar\u00e0 per a&nbsp; aix\u00ed poder treballar cadascuna.&nbsp;&nbsp;<\/p>\n","protected":false},"excerpt":{"rendered":"<p>Una trentena de joves han aportat idees per a la millora del municipi La localitat de Nules ha albergat aquest dissabte el V F\u00f2rum Jove dirigit a persones joves d\u2019entre 12 i 30 anys, i dissenyat per a promoure la seua participaci\u00f3 en diferents assumptes que afecten el futur d\u2019aquest sector de la poblaci\u00f3. En &#8230; <a title=\"Nules escolta i dona protagonisme a la joventut en el V F\u00f2rum Jove\" class=\"read-more\" href=\"https:\/\/elcafedepipa.com\/index.php\/2025\/02\/10\/nules-escolta-i-dona-protagonisme-a-la-joventut-en-el-v-forum-jove\/\" aria-label=\"M\u00e9s informaci\u00f3 sobre Nules escolta i dona protagonisme a la joventut en el V F\u00f2rum Jove\">Read more<\/a><\/p>\n","protected":false},"author":2,"featured_media":10702,"comment_status":"closed","ping_status":"closed","sticky":false,"template":"","format":"standard","meta":{"om_disable_all_campaigns":false,"_monsterinsights_skip_tracking":false,"_monsterinsights_sitenote_active":false,"_monsterinsights_sitenote_note":"","_monsterinsights_sitenote_category":0,"_uf_show_specific_survey":0,"_uf_disable_surveys":false,"footnotes":""},"categories":[3],"tags":[],"class_list":["post-10701","post","type-post","status-publish","format-standard","has-post-thumbnail","hentry","category-nules"],"_links":{"self":[{"href":"https:\/\/elcafedepipa.com\/index.php\/wp-json\/wp\/v2\/posts\/10701","targetHints":{"allow":["GET"]}}],"collection":[{"href":"https:\/\/elcafedepipa.com\/index.php\/wp-json\/wp\/v2\/posts"}],"about":[{"href":"https:\/\/elcafedepipa.com\/index.php\/wp-json\/wp\/v2\/types\/post"}],"author":[{"embeddable":true,"href":"https:\/\/elcafedepipa.com\/index.php\/wp-json\/wp\/v2\/users\/2"}],"replies":[{"embeddable":true,"href":"https:\/\/elcafedepipa.com\/index.php\/wp-json\/wp\/v2\/comments?post=10701"}],"version-history":[{"count":0,"href":"https:\/\/elcafedepipa.com\/index.php\/wp-json\/wp\/v2\/posts\/10701\/revisions"}],"wp:featuredmedia":[{"embeddable":true,"href":"https:\/\/elcafedepipa.com\/index.php\/wp-json\/wp\/v2\/media\/10702"}],"wp:attachment":[{"href":"https:\/\/elcafedepipa.com\/index.php\/wp-json\/wp\/v2\/media?parent=10701"}],"wp:term":[{"taxonomy":"category","embeddable":true,"href":"https:\/\/elcafedepipa.com\/index.php\/wp-json\/wp\/v2\/categories?post=10701"},{"taxonomy":"post_tag","embeddable":true,"href":"https:\/\/elcafedepipa.com\/index.php\/wp-json\/wp\/v2\/tags?post=10701"}],"curies":[{"name":"wp","href":"https:\/\/api.w.org\/{rel}","templated":true}]}}