{"id":10696,"date":"2025-02-10T14:59:52","date_gmt":"2025-02-10T13:59:52","guid":{"rendered":"https:\/\/elcafedepipa.com\/?p=10696"},"modified":"2025-02-10T14:59:55","modified_gmt":"2025-02-10T13:59:55","slug":"lluisma-mas-i-rianna-nelson-conquereixen-la-xiv-almenar-xtrem","status":"publish","type":"post","link":"https:\/\/elcafedepipa.com\/index.php\/2025\/02\/10\/lluisma-mas-i-rianna-nelson-conquereixen-la-xiv-almenar-xtrem\/","title":{"rendered":"Lluisma Mas i Rianna Nelson conquereixen la XIV Almenar Xtrem"},"content":{"rendered":"\n<p><strong>Fernando Andr\u00e9s i Beatriz Fas guanyen la Marxa al Castell<\/strong><\/p>\n\n\n\n<p>Prop de 500 atletes van participar ahir en Almenara en la XIV edici\u00f3 de l&#8217;Almenara Xtrem i en la ja tradicional Marxa al Castell. En la Xtrem, prova de muntanya de 17 quil\u00f2metres i un desnivell acumulat de 700 metres van v\u00e9ncer Lluisma Mas C\u00e1ceres i Rianna Nelson que va tornar a polvoritzar, tal com va fer l&#8217;any passat, el r\u00e8cord femen\u00ed de la prova. Al mateix temps tamb\u00e9 s&#8217;ha celebrat una nova edici\u00f3 de la Marxa al Castell amb un tra\u00e7at de 8 km i un desnivell acumulat de 300 m. La vict\u00f2ria en la prova ha sigut per a Fernando Andr\u00e9s i Beatriz Fas.<\/p>\n\n\n\n<p>Pel que respecta a la Xtrem, en la categoria absoluta masculina va guanyar Lluisma Mas C\u00e1ceres (BTT Montbike) amb un registre d&#8217;1.31:46, seguit per l&#8217;atleta local Dar\u00edo Cardona Fern\u00e1dez (Xtrem Almenara) amb un temps d&#8217;1.32:06 i Pablo Villena Ferrer (C.A. Albacete-Diputaci\u00f3) amb un temps d&#8217;1.36:37.<\/p>\n\n\n\n<p>En la categoria absoluta femenina la vict\u00f2ria va ser per a Rianna Nelson (Otso Sport) amb un temps d&#8217;1.48:19, seguida de Cristina Medina Ruiz (Trail Morvedre) amb un registre de 2.03:49 i Eva Cristina LLobat Graci\u00e0 (Montbike Amposta) amb un temps de 2.05:09.<\/p>\n\n\n\n<p>Quant a la resta de categories masculines destaca la vict\u00f2ria d&#8217;Alejandro Cebri\u00e1 Torrat (Xtrem Almenara) en s\u00e8nior, Javi G\u00f3mez Parad\u00eds (Xtrem Almenara) en veterans A, Pere Castillo Mart\u00ednez (Taymory-Spiridon) en veterans B i \u00c1ngel de la Costa Garc\u00eda (Runners Ciutat de Val\u00e8ncia) en veterans C.<\/p>\n\n\n\n<p>Pel que respecta a la resta de categories femenines destaca la vict\u00f2ria de Sonia Chuve Farf\u00e1n (Lostado Team), Elena Mihai (Xtrem Almenara) en veteranes A, Marcela de Pereda Castro (ADO) en veteranes B i de Conchi Mart\u00ednez Marco (Running la Vall) en veteranes C.<\/p>\n\n\n\n<p>El podi local mascul\u00ed el van formar Sa\u00fal Cuadrado Fern\u00e1ndez, Jhon D\u00edaz Acosta i Juan Peris Pe\u00f1o, tots ells del Xtrem Almenara, mentre que el podi local femen\u00ed va estar format per Lid\u00f3n Corma Carmona (Xtrem), Elena Ortega Herrero i Laura Albiol G\u00f3mez.<\/p>\n\n\n\n<p>Finalment, quant a la Marxa al Castell, la vict\u00f2ria en categoria masculina va ser per a Fernando Andr\u00e9s Pacheco (46:06) seguit de Vicente Llorens Grau (Trail Morvedre) amb 46:40 i Carlos Ripa (BCS Trail d\u2019Uix\u00f3) amb 48:47. Quant a la categoria femenina, la vict\u00f2ria va ser per a Beatriz Fas Juan (Mur i Castell-Blumaq) amb 48:29, seguida de Manuela Arroyas L\u00f3pez (Running la Vall) amb 57:57 i de Ivvi Gago amb 59:44. Quant a la categoria local, la vict\u00f2ria va ser per a \u00d3scar Padierna Marqu\u00e9s i per a Marta Vilar L\u00f3pez, tots dos del Xtrem Almenara.<\/p>\n\n\n\n<p>L&#8217;Almenara Xtrem i la Marxa al Castell estan organitzades pel Club Almenara Xtrem, prova que compta amb el suport i la col\u00b7laboraci\u00f3 de l&#8217;Ajuntament d&#8217;Almenara. El regidor d&#8217;Esports, Lorenzo Vicent, ha volgut destacar en aquest sentit \u201cla gran labor que cada edici\u00f3 porta a terme el Club Xtrem Almenara per a tirar avant una carrera d&#8217;aquesta envergadura, que any rere any va creixent i ja s&#8217;ha convertit en tot un referent de les carreres de muntanya, i que despr\u00e9s de la prova d&#8217;ahir, ja posa en marxa el compte arrere per a la XV edici\u00f3\u201d.<\/p>\n\n\n\n<p>Vicent tamb\u00e9 ha volgut agrair a tots els voluntaris i les volunt\u00e0ries que han col\u00b7laborat per a poder celebrar prova, aix\u00ed com tamb\u00e9 a la Brigada Municipal d&#8217;Obres i Serveis, Policia Local, Protecci\u00f3 Civil i a totes les persones, entitats, associacions, empreses i patrocinadors que han col\u00b7laborat per al bon transc\u00f3rrer de la matinal esportiva que celebrem el dia d&#8217;ahir.<\/p>\n\n\n\n<figure class=\"wp-block-image size-large\"><img fetchpriority=\"high\" decoding=\"async\" width=\"1024\" height=\"683\" src=\"https:\/\/elcafedepipa.com\/wp-content\/uploads\/2025\/02\/XTREM-2-GANADOR-1024x683.jpg\" alt=\"\" class=\"wp-image-10698\" srcset=\"https:\/\/elcafedepipa.com\/wp-content\/uploads\/2025\/02\/XTREM-2-GANADOR-1024x683.jpg 1024w, https:\/\/elcafedepipa.com\/wp-content\/uploads\/2025\/02\/XTREM-2-GANADOR-300x200.jpg 300w, https:\/\/elcafedepipa.com\/wp-content\/uploads\/2025\/02\/XTREM-2-GANADOR-768x512.jpg 768w, https:\/\/elcafedepipa.com\/wp-content\/uploads\/2025\/02\/XTREM-2-GANADOR-1536x1024.jpg 1536w, https:\/\/elcafedepipa.com\/wp-content\/uploads\/2025\/02\/XTREM-2-GANADOR-2048x1365.jpg 2048w\" sizes=\"(max-width: 1024px) 100vw, 1024px\" \/><\/figure>\n\n\n\n<figure class=\"wp-block-image size-large\"><img decoding=\"async\" width=\"1024\" height=\"683\" src=\"https:\/\/elcafedepipa.com\/wp-content\/uploads\/2025\/02\/XTREM-3-GANADORA-1024x683.jpg\" alt=\"\" class=\"wp-image-10699\" srcset=\"https:\/\/elcafedepipa.com\/wp-content\/uploads\/2025\/02\/XTREM-3-GANADORA-1024x683.jpg 1024w, https:\/\/elcafedepipa.com\/wp-content\/uploads\/2025\/02\/XTREM-3-GANADORA-300x200.jpg 300w, https:\/\/elcafedepipa.com\/wp-content\/uploads\/2025\/02\/XTREM-3-GANADORA-768x512.jpg 768w, https:\/\/elcafedepipa.com\/wp-content\/uploads\/2025\/02\/XTREM-3-GANADORA-1536x1024.jpg 1536w, https:\/\/elcafedepipa.com\/wp-content\/uploads\/2025\/02\/XTREM-3-GANADORA-2048x1365.jpg 2048w\" sizes=\"(max-width: 1024px) 100vw, 1024px\" \/><\/figure>\n\n\n\n<p>Fotografies: Alejandro Lostado Vicente<\/p>\n","protected":false},"excerpt":{"rendered":"<p>Fernando Andr\u00e9s i Beatriz Fas guanyen la Marxa al Castell Prop de 500 atletes van participar ahir en Almenara en la XIV edici\u00f3 de l&#8217;Almenara Xtrem i en la ja tradicional Marxa al Castell. En la Xtrem, prova de muntanya de 17 quil\u00f2metres i un desnivell acumulat de 700 metres van v\u00e9ncer Lluisma Mas C\u00e1ceres &#8230; <a title=\"Lluisma Mas i Rianna Nelson conquereixen la XIV Almenar Xtrem\" class=\"read-more\" href=\"https:\/\/elcafedepipa.com\/index.php\/2025\/02\/10\/lluisma-mas-i-rianna-nelson-conquereixen-la-xiv-almenar-xtrem\/\" aria-label=\"M\u00e9s informaci\u00f3 sobre Lluisma Mas i Rianna Nelson conquereixen la XIV Almenar Xtrem\">Read more<\/a><\/p>\n","protected":false},"author":2,"featured_media":10697,"comment_status":"closed","ping_status":"closed","sticky":false,"template":"","format":"standard","meta":{"om_disable_all_campaigns":false,"_monsterinsights_skip_tracking":false,"_monsterinsights_sitenote_active":false,"_monsterinsights_sitenote_note":"","_monsterinsights_sitenote_category":0,"_uf_show_specific_survey":0,"_uf_disable_surveys":false,"footnotes":""},"categories":[1],"tags":[],"class_list":["post-10696","post","type-post","status-publish","format-standard","has-post-thumbnail","hentry","category-non-classe"],"_links":{"self":[{"href":"https:\/\/elcafedepipa.com\/index.php\/wp-json\/wp\/v2\/posts\/10696","targetHints":{"allow":["GET"]}}],"collection":[{"href":"https:\/\/elcafedepipa.com\/index.php\/wp-json\/wp\/v2\/posts"}],"about":[{"href":"https:\/\/elcafedepipa.com\/index.php\/wp-json\/wp\/v2\/types\/post"}],"author":[{"embeddable":true,"href":"https:\/\/elcafedepipa.com\/index.php\/wp-json\/wp\/v2\/users\/2"}],"replies":[{"embeddable":true,"href":"https:\/\/elcafedepipa.com\/index.php\/wp-json\/wp\/v2\/comments?post=10696"}],"version-history":[{"count":0,"href":"https:\/\/elcafedepipa.com\/index.php\/wp-json\/wp\/v2\/posts\/10696\/revisions"}],"wp:featuredmedia":[{"embeddable":true,"href":"https:\/\/elcafedepipa.com\/index.php\/wp-json\/wp\/v2\/media\/10697"}],"wp:attachment":[{"href":"https:\/\/elcafedepipa.com\/index.php\/wp-json\/wp\/v2\/media?parent=10696"}],"wp:term":[{"taxonomy":"category","embeddable":true,"href":"https:\/\/elcafedepipa.com\/index.php\/wp-json\/wp\/v2\/categories?post=10696"},{"taxonomy":"post_tag","embeddable":true,"href":"https:\/\/elcafedepipa.com\/index.php\/wp-json\/wp\/v2\/tags?post=10696"}],"curies":[{"name":"wp","href":"https:\/\/api.w.org\/{rel}","templated":true}]}}