{"id":10649,"date":"2025-02-07T14:55:36","date_gmt":"2025-02-07T13:55:36","guid":{"rendered":"https:\/\/elcafedepipa.com\/?p=10649"},"modified":"2025-02-07T14:55:37","modified_gmt":"2025-02-07T13:55:37","slug":"moncofa-aconsegueix-la-distincio-europea-pel-sender-blau-del-belcaire","status":"publish","type":"post","link":"https:\/\/elcafedepipa.com\/index.php\/2025\/02\/07\/moncofa-aconsegueix-la-distincio-europea-pel-sender-blau-del-belcaire\/","title":{"rendered":"Moncofa aconsegueix la distinci\u00f3 europea pel Sender Blau del Belcaire"},"content":{"rendered":"\n<p><strong>El Sender Blau del Belcaire de Moncofa renova el premi europeu de l&#8217;ADEAC-FEE en favor de la conservaci\u00f3, gesti\u00f3 del patrimoni natural i gaudi sostenible de l&#8217;entorn, per la qual cosa la bandera blava onejar\u00e0 en el sender durant el 2025.<\/strong><\/p>\n\n\n\n<p>Per a l&#8217;alcalde de la localitat, Wences Al\u00f3s Valls \u201ceste reconeixement recompensa l&#8217;esfor\u00e7 del municipi en suport d&#8217;una alternativa tur\u00edstica saludable i de naturalesa per a gaudir tot l&#8217;any\u201d. I \u00e9s que, l&#8217;obtenci\u00f3 de l&#8217;anhelat guard\u00f3 implica el compliment d&#8217;un conjunt de criteris i indicadors com a fesomia i manteniment de les sendes; informaci\u00f3, senyal\u00edstica i infraestructures en els senders; conservaci\u00f3 i gesti\u00f3 del patrimoni natural i cultural; i \u00fas p\u00fablic d\u2019estes vies. D&#8217;esta manera s&#8217;assegura el desenvolupament sostenible de l&#8217;activitat tur\u00edstica en entorns de naturalesa i en ecosistemes amb valor per a la preservaci\u00f3 i conservaci\u00f3.<\/p>\n\n\n\n<p>Amb este guard\u00f3 europeu, el Sender Blau del Belcaire s&#8217;uneix a la xarxa de banderes de Senders Blaus d&#8217;Espanya, que enguany per primera vegada supera els 1000 quil\u00f2metres, i \u00e9s el major increment del programa des de la seua creaci\u00f3 en 2011. El regidor de Platges i Medi Ambient, Francisco Alemany, assenyala que \u201ceste increment denota que valors com la sostenibilitat, l\u2019ecologia i els codis \u00e8tics estan cada vegada m\u00e9s presents en la nostra societat i \u00e9s un repte de futur al qual ens hem d&#8217;enfrontar amb la realitzaci\u00f3 de xicotetes accions que hem de sumar a les de tots per a aconseguir un avan\u00e7 en la millora de la condici\u00f3 de les nostres destinacions i de la qualitat de vida dels nostres habitants\u201d.<\/p>\n\n\n\n<p>El Sender Blau Europeu del Belcaire consta d&#8217;un tra\u00e7at de quatre quil\u00f2metres amb diferents vertebracions que donen acc\u00e9s a diferents paratges naturals i espais de protecci\u00f3. En el seu itinerari litoral, que transcorre per les zones dunars de la platja del Belcaire, es pot accedir a l&#8217;espectacular pont passarel\u00b7la que salva el curs del riu en la desembocadura, habilitada com a zona d&#8217;observaci\u00f3 d&#8217;aus, platja naturista o patrimoni cultural com les restes de l&#8217;antiga torre guaita de Biniesma.<\/p>\n\n\n\n<p>Enguany el lliurament de les banderes de Senders Blaus a Espanya es realitzar\u00e0 a M\u00farcia, en la sala d&#8217;actes de l&#8217;Institut de Turisme de la Regi\u00f3 de M\u00farcia, el pr\u00f2xim 26 de mar\u00e7, en recompensa a l&#8217;obtenci\u00f3 de major nombre de nous senders blaus guardonats per a 2025.<\/p>\n\n\n\n<figure class=\"wp-block-image size-large\"><img fetchpriority=\"high\" decoding=\"async\" width=\"1024\" height=\"768\" src=\"https:\/\/elcafedepipa.com\/wp-content\/uploads\/2025\/02\/sender-blau-1024x768.jpg\" alt=\"\" class=\"wp-image-10651\" srcset=\"https:\/\/elcafedepipa.com\/wp-content\/uploads\/2025\/02\/sender-blau-1024x768.jpg 1024w, https:\/\/elcafedepipa.com\/wp-content\/uploads\/2025\/02\/sender-blau-300x225.jpg 300w, https:\/\/elcafedepipa.com\/wp-content\/uploads\/2025\/02\/sender-blau-768x576.jpg 768w, https:\/\/elcafedepipa.com\/wp-content\/uploads\/2025\/02\/sender-blau-1536x1152.jpg 1536w, https:\/\/elcafedepipa.com\/wp-content\/uploads\/2025\/02\/sender-blau.jpg 1600w\" sizes=\"(max-width: 1024px) 100vw, 1024px\" \/><\/figure>\n","protected":false},"excerpt":{"rendered":"<p>El Sender Blau del Belcaire de Moncofa renova el premi europeu de l&#8217;ADEAC-FEE en favor de la conservaci\u00f3, gesti\u00f3 del patrimoni natural i gaudi sostenible de l&#8217;entorn, per la qual cosa la bandera blava onejar\u00e0 en el sender durant el 2025. Per a l&#8217;alcalde de la localitat, Wences Al\u00f3s Valls \u201ceste reconeixement recompensa l&#8217;esfor\u00e7 del &#8230; <a title=\"Moncofa aconsegueix la distinci\u00f3 europea pel Sender Blau del Belcaire\" class=\"read-more\" href=\"https:\/\/elcafedepipa.com\/index.php\/2025\/02\/07\/moncofa-aconsegueix-la-distincio-europea-pel-sender-blau-del-belcaire\/\" aria-label=\"M\u00e9s informaci\u00f3 sobre Moncofa aconsegueix la distinci\u00f3 europea pel Sender Blau del Belcaire\">Read more<\/a><\/p>\n","protected":false},"author":2,"featured_media":10650,"comment_status":"closed","ping_status":"closed","sticky":false,"template":"","format":"standard","meta":{"om_disable_all_campaigns":false,"_monsterinsights_skip_tracking":false,"_monsterinsights_sitenote_active":false,"_monsterinsights_sitenote_note":"","_monsterinsights_sitenote_category":0,"_uf_show_specific_survey":0,"_uf_disable_surveys":false,"footnotes":""},"categories":[4],"tags":[],"class_list":["post-10649","post","type-post","status-publish","format-standard","has-post-thumbnail","hentry","category-moncofa"],"_links":{"self":[{"href":"https:\/\/elcafedepipa.com\/index.php\/wp-json\/wp\/v2\/posts\/10649","targetHints":{"allow":["GET"]}}],"collection":[{"href":"https:\/\/elcafedepipa.com\/index.php\/wp-json\/wp\/v2\/posts"}],"about":[{"href":"https:\/\/elcafedepipa.com\/index.php\/wp-json\/wp\/v2\/types\/post"}],"author":[{"embeddable":true,"href":"https:\/\/elcafedepipa.com\/index.php\/wp-json\/wp\/v2\/users\/2"}],"replies":[{"embeddable":true,"href":"https:\/\/elcafedepipa.com\/index.php\/wp-json\/wp\/v2\/comments?post=10649"}],"version-history":[{"count":0,"href":"https:\/\/elcafedepipa.com\/index.php\/wp-json\/wp\/v2\/posts\/10649\/revisions"}],"wp:featuredmedia":[{"embeddable":true,"href":"https:\/\/elcafedepipa.com\/index.php\/wp-json\/wp\/v2\/media\/10650"}],"wp:attachment":[{"href":"https:\/\/elcafedepipa.com\/index.php\/wp-json\/wp\/v2\/media?parent=10649"}],"wp:term":[{"taxonomy":"category","embeddable":true,"href":"https:\/\/elcafedepipa.com\/index.php\/wp-json\/wp\/v2\/categories?post=10649"},{"taxonomy":"post_tag","embeddable":true,"href":"https:\/\/elcafedepipa.com\/index.php\/wp-json\/wp\/v2\/tags?post=10649"}],"curies":[{"name":"wp","href":"https:\/\/api.w.org\/{rel}","templated":true}]}}