{"id":10624,"date":"2025-02-07T12:11:20","date_gmt":"2025-02-07T11:11:20","guid":{"rendered":"https:\/\/elcafedepipa.com\/?p=10624"},"modified":"2025-02-07T12:11:22","modified_gmt":"2025-02-07T11:11:22","slug":"la-regidoria-de-serveis-publics-inverteix-mes-de-500-000-euros-en-obres-de-millora-de-la-xarxa-daigues-i-clavegueram","status":"publish","type":"post","link":"https:\/\/elcafedepipa.com\/index.php\/2025\/02\/07\/la-regidoria-de-serveis-publics-inverteix-mes-de-500-000-euros-en-obres-de-millora-de-la-xarxa-daigues-i-clavegueram\/","title":{"rendered":"La regidoria de Serveis P\u00fablics inverteix m\u00e9s de 500.000 euros en obres de millora de la xarxa d\u2019aig\u00fces i clavegueram"},"content":{"rendered":"\n<p><strong>Des de Comprom\u00eds per la Vall expliquen que \u201c\u00e9s una de les apostes de la nostra acci\u00f3 de govern, tot i que no s\u00f3n obres visibles\u201d<\/strong><\/p>\n\n\n\n<p>Comprom\u00eds per la Vall ha presentat el resum de millores en la xarxa d\u2019aig\u00fces municipal i tamb\u00e9 en el sistema de clavegueram, unes actuacions que suposen m\u00e9s de 500.000 euros a c\u00e0rrec del contracte que regula el servei. Aix\u00ed ho ha anunciat el primer tinent d\u2019alcaldia, Fernando Dar\u00f2s: \u201cho expliquem ara perqu\u00e8 podem ensenyar les obres del carrer institut, que milloraran no sols el subsol sin\u00f3 tamb\u00e9 l\u2019acc\u00e9s a l\u2019Honori Garcia\u201d.<\/p>\n\n\n\n<p>El tamb\u00e9 regidor de Serveis P\u00fablics ha def\u00e9s que \u201cla majoria d\u2019obres no es veuen, per\u00f2 s\u00f3n una inversi\u00f3 que millora la qualitat de l&#8217;aigua de l\u2019aixeta, el sistema de resposta a les fortes pluges i, en definitiva, futur del nostre poble\u201d. Les obres al carrer Institut \u201csuposen una millora tamb\u00e9 est\u00e8tica, ja que la via estar\u00e0 tota al mateix nivell, les voreres seran de dos metres i es deixar\u00e0 un carril de servei sols perqu\u00e8 en cas d\u2019algun tipus d\u2019emerg\u00e8ncia puguen accedir vehicles al centre educatiu\u201d, ha explicat el responsable de l\u2019\u00e0rea.<\/p>\n\n\n\n<p>Quant a les millores que s\u2019han portat a terme durant el 2024 est\u00e0 el refor\u00e7 integral del pou red\u00f3 \u201cun obra que no es veu, per\u00f2 que suposa garantir l\u2019aigua potable per al poble, ja que aquesta infraestructura \u00e9s la que ens assegura el subministrament\u201d. Dar\u00f2s tamb\u00e9 ha incidit \u201cen el canvi dels filtres en la Nogueret i a les Coves de Sant Josep\u201d, que s\u00f3n les dos principals vies de subministrament de la Vall. \u201cI cal no oblidar les fugues d\u2019aigua, que tamb\u00e9 son part de la despesa anual i per a les que cal sempre disposar de fons\u201d.<\/p>\n\n\n\n<p>El comprom\u00eds per a aquest 2025 es impulsar aquestes inversions i pal\u00b7liar el problema de les p\u00e8rdues d\u2019aigua \u201cprovocades per l\u2019envelliment de la xarxa de subministrament\u201d. Aix\u00ed, l\u2019aposta per a aquest any tamb\u00e9 \u00e9s \u201ccontinuar combinant les obres de millora est\u00e8tica del poble amb d\u2019altres que suposen grans avan\u00e7os en mat\u00e8ria de qualitat de l\u2019aigua\u201d.<\/p>\n\n\n\n<figure class=\"wp-block-image size-large\"><img fetchpriority=\"high\" decoding=\"async\" width=\"1024\" height=\"682\" src=\"https:\/\/elcafedepipa.com\/wp-content\/uploads\/2025\/02\/VISITA-POU-REDO_3-2-1024x682.jpg\" alt=\"\" class=\"wp-image-10631\" srcset=\"https:\/\/elcafedepipa.com\/wp-content\/uploads\/2025\/02\/VISITA-POU-REDO_3-2-1024x682.jpg 1024w, https:\/\/elcafedepipa.com\/wp-content\/uploads\/2025\/02\/VISITA-POU-REDO_3-2-300x200.jpg 300w, https:\/\/elcafedepipa.com\/wp-content\/uploads\/2025\/02\/VISITA-POU-REDO_3-2-768x512.jpg 768w, https:\/\/elcafedepipa.com\/wp-content\/uploads\/2025\/02\/VISITA-POU-REDO_3-2-1536x1024.jpg 1536w, https:\/\/elcafedepipa.com\/wp-content\/uploads\/2025\/02\/VISITA-POU-REDO_3-2.jpg 2000w\" sizes=\"(max-width: 1024px) 100vw, 1024px\" \/><\/figure>\n","protected":false},"excerpt":{"rendered":"<p>Des de Comprom\u00eds per la Vall expliquen que \u201c\u00e9s una de les apostes de la nostra acci\u00f3 de govern, tot i que no s\u00f3n obres visibles\u201d Comprom\u00eds per la Vall ha presentat el resum de millores en la xarxa d\u2019aig\u00fces municipal i tamb\u00e9 en el sistema de clavegueram, unes actuacions que suposen m\u00e9s de 500.000 &#8230; <a title=\"La regidoria de Serveis P\u00fablics inverteix m\u00e9s de 500.000 euros en obres de millora de la xarxa d\u2019aig\u00fces i clavegueram\" class=\"read-more\" href=\"https:\/\/elcafedepipa.com\/index.php\/2025\/02\/07\/la-regidoria-de-serveis-publics-inverteix-mes-de-500-000-euros-en-obres-de-millora-de-la-xarxa-daigues-i-clavegueram\/\" aria-label=\"M\u00e9s informaci\u00f3 sobre La regidoria de Serveis P\u00fablics inverteix m\u00e9s de 500.000 euros en obres de millora de la xarxa d\u2019aig\u00fces i clavegueram\">Read more<\/a><\/p>\n","protected":false},"author":2,"featured_media":10629,"comment_status":"closed","ping_status":"closed","sticky":false,"template":"","format":"standard","meta":{"om_disable_all_campaigns":false,"_monsterinsights_skip_tracking":false,"_monsterinsights_sitenote_active":false,"_monsterinsights_sitenote_note":"","_monsterinsights_sitenote_category":0,"_uf_show_specific_survey":0,"_uf_disable_surveys":false,"footnotes":""},"categories":[1],"tags":[],"class_list":["post-10624","post","type-post","status-publish","format-standard","has-post-thumbnail","hentry","category-non-classe"],"_links":{"self":[{"href":"https:\/\/elcafedepipa.com\/index.php\/wp-json\/wp\/v2\/posts\/10624","targetHints":{"allow":["GET"]}}],"collection":[{"href":"https:\/\/elcafedepipa.com\/index.php\/wp-json\/wp\/v2\/posts"}],"about":[{"href":"https:\/\/elcafedepipa.com\/index.php\/wp-json\/wp\/v2\/types\/post"}],"author":[{"embeddable":true,"href":"https:\/\/elcafedepipa.com\/index.php\/wp-json\/wp\/v2\/users\/2"}],"replies":[{"embeddable":true,"href":"https:\/\/elcafedepipa.com\/index.php\/wp-json\/wp\/v2\/comments?post=10624"}],"version-history":[{"count":0,"href":"https:\/\/elcafedepipa.com\/index.php\/wp-json\/wp\/v2\/posts\/10624\/revisions"}],"wp:featuredmedia":[{"embeddable":true,"href":"https:\/\/elcafedepipa.com\/index.php\/wp-json\/wp\/v2\/media\/10629"}],"wp:attachment":[{"href":"https:\/\/elcafedepipa.com\/index.php\/wp-json\/wp\/v2\/media?parent=10624"}],"wp:term":[{"taxonomy":"category","embeddable":true,"href":"https:\/\/elcafedepipa.com\/index.php\/wp-json\/wp\/v2\/categories?post=10624"},{"taxonomy":"post_tag","embeddable":true,"href":"https:\/\/elcafedepipa.com\/index.php\/wp-json\/wp\/v2\/tags?post=10624"}],"curies":[{"name":"wp","href":"https:\/\/api.w.org\/{rel}","templated":true}]}}