{"id":10538,"date":"2025-02-05T13:57:22","date_gmt":"2025-02-05T12:57:22","guid":{"rendered":"https:\/\/elcafedepipa.com\/?p=10538"},"modified":"2025-02-05T13:57:24","modified_gmt":"2025-02-05T12:57:24","slug":"podcast-reestructuracio-de-lequip-de-govern-de-la-vall-duixo-parlem-amb-lalcaldessa-tania-banos","status":"publish","type":"post","link":"https:\/\/elcafedepipa.com\/index.php\/2025\/02\/05\/podcast-reestructuracio-de-lequip-de-govern-de-la-vall-duixo-parlem-amb-lalcaldessa-tania-banos\/","title":{"rendered":"Podcast | Reestructuraci\u00f3 de l&#8217;equip de govern de la Vall d&#8217;Uix\u00f3. Parlem amb l&#8217;alcaldessa, Tania Ba\u00f1os."},"content":{"rendered":"\n<figure class=\"wp-block-audio\"><audio controls src=\"https:\/\/elcafedepipa.com\/wp-content\/uploads\/2025\/02\/tania5feb.mp3\"><\/audio><\/figure>\n","protected":false},"excerpt":{"rendered":"","protected":false},"author":2,"featured_media":10539,"comment_status":"closed","ping_status":"closed","sticky":false,"template":"","format":"standard","meta":{"om_disable_all_campaigns":false,"_monsterinsights_skip_tracking":false,"_monsterinsights_sitenote_active":false,"_monsterinsights_sitenote_note":"","_monsterinsights_sitenote_category":0,"_uf_show_specific_survey":0,"_uf_disable_surveys":false,"footnotes":""},"categories":[1],"tags":[],"class_list":["post-10538","post","type-post","status-publish","format-standard","has-post-thumbnail","hentry","category-non-classe"],"_links":{"self":[{"href":"https:\/\/elcafedepipa.com\/index.php\/wp-json\/wp\/v2\/posts\/10538","targetHints":{"allow":["GET"]}}],"collection":[{"href":"https:\/\/elcafedepipa.com\/index.php\/wp-json\/wp\/v2\/posts"}],"about":[{"href":"https:\/\/elcafedepipa.com\/index.php\/wp-json\/wp\/v2\/types\/post"}],"author":[{"embeddable":true,"href":"https:\/\/elcafedepipa.com\/index.php\/wp-json\/wp\/v2\/users\/2"}],"replies":[{"embeddable":true,"href":"https:\/\/elcafedepipa.com\/index.php\/wp-json\/wp\/v2\/comments?post=10538"}],"version-history":[{"count":0,"href":"https:\/\/elcafedepipa.com\/index.php\/wp-json\/wp\/v2\/posts\/10538\/revisions"}],"wp:featuredmedia":[{"embeddable":true,"href":"https:\/\/elcafedepipa.com\/index.php\/wp-json\/wp\/v2\/media\/10539"}],"wp:attachment":[{"href":"https:\/\/elcafedepipa.com\/index.php\/wp-json\/wp\/v2\/media?parent=10538"}],"wp:term":[{"taxonomy":"category","embeddable":true,"href":"https:\/\/elcafedepipa.com\/index.php\/wp-json\/wp\/v2\/categories?post=10538"},{"taxonomy":"post_tag","embeddable":true,"href":"https:\/\/elcafedepipa.com\/index.php\/wp-json\/wp\/v2\/tags?post=10538"}],"curies":[{"name":"wp","href":"https:\/\/api.w.org\/{rel}","templated":true}]}}