{"id":10520,"date":"2025-02-04T17:32:11","date_gmt":"2025-02-04T16:32:11","guid":{"rendered":"https:\/\/elcafedepipa.com\/?p=10520"},"modified":"2025-02-04T17:32:12","modified_gmt":"2025-02-04T16:32:12","slug":"almenara-repren-els-tallers-del-programa-deducacio-sexual-integral-destinat-a-lalumnat-de-sise-de-primaria","status":"publish","type":"post","link":"https:\/\/elcafedepipa.com\/index.php\/2025\/02\/04\/almenara-repren-els-tallers-del-programa-deducacio-sexual-integral-destinat-a-lalumnat-de-sise-de-primaria\/","title":{"rendered":"Almenara repr\u00e9n els tallers del programa d&#8217;educaci\u00f3 sexual integral destinat a l&#8217;alumnat de sis\u00e9 de prim\u00e0ria"},"content":{"rendered":"\n<p><strong>En aquesta quarta edici\u00f3 es porten a terme activitats en el col\u00b7legi, l&#8217;institut i destinades a les fam\u00edlies<\/strong><\/p>\n\n\n\n<p>Hui s&#8217;ha repr\u00e9s la programaci\u00f3 de la quarta edici\u00f3 del Programa d&#8217;Educaci\u00f3 Sexual promogut des de l&#8217;Ajuntament d&#8217;Almenara, amb l&#8217;objectiu d&#8217;oferir formaci\u00f3 i coneixements relatius a la mat\u00e8ria, adaptats a totes les edats. Aquest pla, que es duu a terme des del departament de Serveis Socials, abasta a l&#8217;alumnat de del col\u00b7legi, de l&#8217;institut, al professorat i tamb\u00e9 a les fam\u00edlies.<\/p>\n\n\n\n<p>Des de hui s&#8217;est\u00e0 portant a terme una nova activitat destinada a l&#8217;alumnat de sis\u00e9 de prim\u00e0ria del col\u00b7legi de la localitat. En concret, es tracta un taller impartit per la psic\u00f2loga i sex\u00f2loga Inma R\u00edos titulat \u201cEns relacionem\u201d en el qual s&#8217;aborden q\u00fcestions com l&#8217;establiment de l\u00edmits, els estils comunicatius, els tipus de relacions, les habilitats interafectives i relacionals i el porno.<\/p>\n\n\n\n<p>Cal recordar que en aquest sentit ja s&#8217;han dut a terme tallers destinats a altres cursos del centre educatiu a partir de segon d&#8217;infantil. A m\u00e9s, es va celebrar a l&#8217;inici del programa una xarrada dirigida al professorat sobre l&#8217;educaci\u00f3 sexual a les aules i sobre la detecci\u00f3 i prevenci\u00f3 d&#8217;abusos sexuals infantils, en la qual tamb\u00e9 va participar Cristina Civera, psic\u00f2loga de l&#8217;Equip Especialitzat d&#8217;Intervenci\u00f3 en Inf\u00e0ncia i Adolesc\u00e8ncia dels Serveis Socials. A llarg de la resta del curs es duran a terme nous tallers dirigits a l&#8217;alumnat de segon i cinqu\u00e9 de prim\u00e0ria.<\/p>\n\n\n\n<p>D&#8217;altra banda, dins d&#8217;aquesta quarta edici\u00f3 del programa, tamb\u00e9 s&#8217;han realitzat aquest curs tallers en l&#8217;IES Almenara, dirigits a 1r i 2n d&#8217;ESO, aix\u00ed com a l&#8217;alumnat de 2n d&#8217;FP B\u00e0sica. Al llarg del curs igualment es duran a terme activitats per a la resta dels nivells, aix\u00ed com tamb\u00e9 un taller dirigit al professorat.<\/p>\n\n\n\n<p>Finalment, igual que en les anteriors edicions del Programa Integral d&#8217;Educaci\u00f3 Sexual, en el segon trimestre de 2025 est\u00e0 previst que es porte a terme una xarrada sobre educaci\u00f3 sexual dirigida a les fam\u00edlies de la localitat, que s&#8217;emmarcar\u00e0 previsiblement en els actes del Dia de les Fam\u00edlies.<\/p>\n","protected":false},"excerpt":{"rendered":"<p>En aquesta quarta edici\u00f3 es porten a terme activitats en el col\u00b7legi, l&#8217;institut i destinades a les fam\u00edlies Hui s&#8217;ha repr\u00e9s la programaci\u00f3 de la quarta edici\u00f3 del Programa d&#8217;Educaci\u00f3 Sexual promogut des de l&#8217;Ajuntament d&#8217;Almenara, amb l&#8217;objectiu d&#8217;oferir formaci\u00f3 i coneixements relatius a la mat\u00e8ria, adaptats a totes les edats. Aquest pla, que es &#8230; <a title=\"Almenara repr\u00e9n els tallers del programa d&#8217;educaci\u00f3 sexual integral destinat a l&#8217;alumnat de sis\u00e9 de prim\u00e0ria\" class=\"read-more\" href=\"https:\/\/elcafedepipa.com\/index.php\/2025\/02\/04\/almenara-repren-els-tallers-del-programa-deducacio-sexual-integral-destinat-a-lalumnat-de-sise-de-primaria\/\" aria-label=\"M\u00e9s informaci\u00f3 sobre Almenara repr\u00e9n els tallers del programa d&#8217;educaci\u00f3 sexual integral destinat a l&#8217;alumnat de sis\u00e9 de prim\u00e0ria\">Read more<\/a><\/p>\n","protected":false},"author":2,"featured_media":10522,"comment_status":"closed","ping_status":"closed","sticky":false,"template":"","format":"standard","meta":{"om_disable_all_campaigns":false,"_monsterinsights_skip_tracking":false,"_monsterinsights_sitenote_active":false,"_monsterinsights_sitenote_note":"","_monsterinsights_sitenote_category":0,"_uf_show_specific_survey":0,"_uf_disable_surveys":false,"footnotes":""},"categories":[5],"tags":[],"class_list":["post-10520","post","type-post","status-publish","format-standard","has-post-thumbnail","hentry","category-almenara"],"_links":{"self":[{"href":"https:\/\/elcafedepipa.com\/index.php\/wp-json\/wp\/v2\/posts\/10520","targetHints":{"allow":["GET"]}}],"collection":[{"href":"https:\/\/elcafedepipa.com\/index.php\/wp-json\/wp\/v2\/posts"}],"about":[{"href":"https:\/\/elcafedepipa.com\/index.php\/wp-json\/wp\/v2\/types\/post"}],"author":[{"embeddable":true,"href":"https:\/\/elcafedepipa.com\/index.php\/wp-json\/wp\/v2\/users\/2"}],"replies":[{"embeddable":true,"href":"https:\/\/elcafedepipa.com\/index.php\/wp-json\/wp\/v2\/comments?post=10520"}],"version-history":[{"count":0,"href":"https:\/\/elcafedepipa.com\/index.php\/wp-json\/wp\/v2\/posts\/10520\/revisions"}],"wp:featuredmedia":[{"embeddable":true,"href":"https:\/\/elcafedepipa.com\/index.php\/wp-json\/wp\/v2\/media\/10522"}],"wp:attachment":[{"href":"https:\/\/elcafedepipa.com\/index.php\/wp-json\/wp\/v2\/media?parent=10520"}],"wp:term":[{"taxonomy":"category","embeddable":true,"href":"https:\/\/elcafedepipa.com\/index.php\/wp-json\/wp\/v2\/categories?post=10520"},{"taxonomy":"post_tag","embeddable":true,"href":"https:\/\/elcafedepipa.com\/index.php\/wp-json\/wp\/v2\/tags?post=10520"}],"curies":[{"name":"wp","href":"https:\/\/api.w.org\/{rel}","templated":true}]}}