{"id":10490,"date":"2025-02-03T21:23:46","date_gmt":"2025-02-03T20:23:46","guid":{"rendered":"https:\/\/elcafedepipa.com\/?p=10490"},"modified":"2025-02-03T21:23:47","modified_gmt":"2025-02-03T20:23:47","slug":"el-pspv-celebra-laprovacio-del-pressupost-dalmenara-i-lamenta-el-vot-en-contra-de-compromis-que-aten-a-interessos-personals-i-no-al-creixement-de-la-localitat","status":"publish","type":"post","link":"https:\/\/elcafedepipa.com\/index.php\/2025\/02\/03\/el-pspv-celebra-laprovacio-del-pressupost-dalmenara-i-lamenta-el-vot-en-contra-de-compromis-que-aten-a-interessos-personals-i-no-al-creixement-de-la-localitat\/","title":{"rendered":"El PSPV celebra l&#8217;aprovaci\u00f3 del pressupost d&#8217;Almenara i lamenta el vot en contra de Comprom\u00eds &#8220;que at\u00e9n a interessos personals i no al creixement de la localitat&#8221;"},"content":{"rendered":"\n<p><strong>S&#8217;han validat amb els vots a favor del PSOE, l&#8217;abstenci\u00f3 del Partit Popular i el vot en contra de Comprom\u00eds<\/strong><\/p>\n\n\n\n<p>Aquesta vesprada el Ple Municipal de l&#8217;Ajuntament d&#8217;Almenara ha aprovat els comptes municipals per a l&#8217;exercici del 2025 amb els vots a favor del Partit Socialista, l&#8217;abstenci\u00f3 del Partit Popular i el vot en contra de Comprom\u00eds.<\/p>\n\n\n\n<p>L\u2019alcaldessa i secretaria general del PSPV-PSOE d\u2019Almenara Est\u00edbaliz P\u00e9rez lamenta la decisi\u00f3 hip\u00f2crita de Comprom\u00eds pel fet que \u201ctot i que el 70% de les aportacions que va fer Comprom\u00eds estan incloses en el pressupost, els seus interessos personals estan per damunt del creixement d\u2019Almenara\u201d. &nbsp;<\/p>\n\n\n\n<p>Aquest comportament evidencia que Comprom\u00eds mai ha tingut voluntat de negociar ja que \u201cs\u2019ha oferit des del primer dia de legislatura al Partit Popular per a governar i ha anunciat una moci\u00f3 de censura amb la intenci\u00f3 de que fora recolzada per la dreta\u201d, apunta l\u2019alcaldessa.<\/p>\n\n\n\n<p>\u201cUna vegada m\u00e9s demostren que sols volen tornar a bloquejar l\u2019ajuntament i els pressupostos com van fer l&#8217;any passat\u201d, explica l\u2019alcaldessa. A m\u00e9s, votar en contra d\u2019aquests comptes \u201c\u00e9s votar en contra d\u2019Almenara, del seu desenvolupament, dels seus ve\u00efns i ve\u00efnes i d\u2019uns serveis i espais p\u00fablics de qualitat, integradors i per a totes i tots.\u201d<\/p>\n\n\n\n<p>El pressupost, de vora 8,9 milions d&#8217;euros, se centra en les inversions, la millora dels serveis i espais municipals, el suport al teixit associatiu, la igualtat i la joventut. Altres dels eixos centrals s\u00f3n la seguretat, el turisme i la mem\u00f2ria democr\u00e0tica.<\/p>\n\n\n\n<p>Est\u00edbaliz P\u00e9rez celebra l&#8217;aprovaci\u00f3 dels comptes perqu\u00e8 &#8220;s\u00f3n la garantia per fer avan\u00e7ar Almenara i per treballar les necessitats del poble amb un pressupost acord a la realitat econ\u00f2mica del 2025&#8221;.<\/p>\n","protected":false},"excerpt":{"rendered":"<p>S&#8217;han validat amb els vots a favor del PSOE, l&#8217;abstenci\u00f3 del Partit Popular i el vot en contra de Comprom\u00eds Aquesta vesprada el Ple Municipal de l&#8217;Ajuntament d&#8217;Almenara ha aprovat els comptes municipals per a l&#8217;exercici del 2025 amb els vots a favor del Partit Socialista, l&#8217;abstenci\u00f3 del Partit Popular i el vot en contra &#8230; <a title=\"El PSPV celebra l&#8217;aprovaci\u00f3 del pressupost d&#8217;Almenara i lamenta el vot en contra de Comprom\u00eds &#8220;que at\u00e9n a interessos personals i no al creixement de la localitat&#8221;\" class=\"read-more\" href=\"https:\/\/elcafedepipa.com\/index.php\/2025\/02\/03\/el-pspv-celebra-laprovacio-del-pressupost-dalmenara-i-lamenta-el-vot-en-contra-de-compromis-que-aten-a-interessos-personals-i-no-al-creixement-de-la-localitat\/\" aria-label=\"M\u00e9s informaci\u00f3 sobre El PSPV celebra l&#8217;aprovaci\u00f3 del pressupost d&#8217;Almenara i lamenta el vot en contra de Comprom\u00eds &#8220;que at\u00e9n a interessos personals i no al creixement de la localitat&#8221;\">Read more<\/a><\/p>\n","protected":false},"author":2,"featured_media":10491,"comment_status":"closed","ping_status":"closed","sticky":false,"template":"","format":"standard","meta":{"om_disable_all_campaigns":false,"_monsterinsights_skip_tracking":false,"_monsterinsights_sitenote_active":false,"_monsterinsights_sitenote_note":"","_monsterinsights_sitenote_category":0,"_uf_show_specific_survey":0,"_uf_disable_surveys":false,"footnotes":""},"categories":[5],"tags":[],"class_list":["post-10490","post","type-post","status-publish","format-standard","has-post-thumbnail","hentry","category-almenara"],"_links":{"self":[{"href":"https:\/\/elcafedepipa.com\/index.php\/wp-json\/wp\/v2\/posts\/10490","targetHints":{"allow":["GET"]}}],"collection":[{"href":"https:\/\/elcafedepipa.com\/index.php\/wp-json\/wp\/v2\/posts"}],"about":[{"href":"https:\/\/elcafedepipa.com\/index.php\/wp-json\/wp\/v2\/types\/post"}],"author":[{"embeddable":true,"href":"https:\/\/elcafedepipa.com\/index.php\/wp-json\/wp\/v2\/users\/2"}],"replies":[{"embeddable":true,"href":"https:\/\/elcafedepipa.com\/index.php\/wp-json\/wp\/v2\/comments?post=10490"}],"version-history":[{"count":0,"href":"https:\/\/elcafedepipa.com\/index.php\/wp-json\/wp\/v2\/posts\/10490\/revisions"}],"wp:featuredmedia":[{"embeddable":true,"href":"https:\/\/elcafedepipa.com\/index.php\/wp-json\/wp\/v2\/media\/10491"}],"wp:attachment":[{"href":"https:\/\/elcafedepipa.com\/index.php\/wp-json\/wp\/v2\/media?parent=10490"}],"wp:term":[{"taxonomy":"category","embeddable":true,"href":"https:\/\/elcafedepipa.com\/index.php\/wp-json\/wp\/v2\/categories?post=10490"},{"taxonomy":"post_tag","embeddable":true,"href":"https:\/\/elcafedepipa.com\/index.php\/wp-json\/wp\/v2\/tags?post=10490"}],"curies":[{"name":"wp","href":"https:\/\/api.w.org\/{rel}","templated":true}]}}