{"id":10475,"date":"2025-02-03T13:51:49","date_gmt":"2025-02-03T12:51:49","guid":{"rendered":"https:\/\/elcafedepipa.com\/?p=10475"},"modified":"2025-02-03T13:51:51","modified_gmt":"2025-02-03T12:51:51","slug":"el-govern-despanya-suma-mes-dun-any-sense-respondre-a-la-sollicitud-de-reunions-de-la-presidenta-de-la-diputacio","status":"publish","type":"post","link":"https:\/\/elcafedepipa.com\/index.php\/2025\/02\/03\/el-govern-despanya-suma-mes-dun-any-sense-respondre-a-la-sollicitud-de-reunions-de-la-presidenta-de-la-diputacio\/","title":{"rendered":"El Govern d&#8217;Espanya suma m\u00e9s d&#8217;un any sense respondre a la sol\u00b7licitud de reunions de la presidenta de la Diputaci\u00f3"},"content":{"rendered":"\n<p><strong>\u201cLamentem la falta de comprom\u00eds per part del Govern d&#8217;Espanya amb la nostra prov\u00edncia perqu\u00e8 seguixen sense arribar les mesures que donen solucions a les necessitats reals d&#8217;estos dos sectors\u201d, ha expressat la dirigent provincial<\/strong>.<\/p>\n\n\n\n<p>Marta Barrachina va registrar el 16 de gener de 2024 en la Subdelegaci\u00f3 del Govern la petici\u00f3 de reuni\u00f3 al ministre d&#8217;Ind\u00fastria, Jordi Hereu, i al ministre de Transports i Mobilitat Sostenible, \u00d3scar Puente, per a elevar al m\u00e0xim nivell la defensa dels sectors cer\u00e0mic i del transport, \u201cvitals per al desenvolupament de la prov\u00edncia\u201d, i encara no ha rebut resposta.<\/p>\n\n\n\n<p>\u201cLamentem la falta de comprom\u00eds per part del Govern d&#8217;Espanya amb la nostra prov\u00edncia perqu\u00e8 seguixen sense arribar les mesures que donen solucions a les necessitats reals d&#8217;estos dos sectors\u201d, ha expressat la dirigent provincial.<\/p>\n\n\n\n<p>En la carta que va remetre llavors la presidenta de la Diputaci\u00f3 de Castell\u00f3 al ministre d&#8217;Ind\u00fastria i Turisme expressava la necessitat d&#8217;ajudar al sector cer\u00e0mic \u201cperqu\u00e8 no sols \u00e9s un motor econ\u00f2mic, vector d&#8217;innovaci\u00f3 i competitivitat o un sector clau en la generaci\u00f3 d&#8217;ocupaci\u00f3 i oportunitats a Castell\u00f3. \u00c9s a m\u00e9s, la imatge i s\u00edmbol de la personalitat d&#8217;esta prov\u00edncia\u201d.<\/p>\n\n\n\n<p>Per eixe motiu, la dirigent provincial incidix de nou en qu\u00e8 \u201c\u00e9s necessari i urgent fer costat al sector cer\u00e0mic i eixa ajuda ha d&#8217;arribar des de totes les administracions a nivell provincial, auton\u00f2mic i nacional\u201d. El sector cer\u00e0mic genera un de cada quatre ocupacions i convertix a Castell\u00f3 a la prov\u00edncia amb m\u00e9s PIB industrial d&#8217;Espanya. \u201cDes de la Diputaci\u00f3 exigim i continuarem exigint al Govern Central que valore l&#8217;imprescindible i vital que \u00e9s el sector cer\u00e0mic per a la nostra prov\u00edncia, com a font d&#8217;economia, desenvolupament, innovaci\u00f3 i progr\u00e9s\u201d.<\/p>\n\n\n\n<p>Quant a la reuni\u00f3 sol\u00b7licitada al ministre de Transports i Mobilitat Sostenible, \u00d3scar Puente, l&#8217;objecte de la sol\u00b7licitud era transmetre la preocupaci\u00f3 per la supressi\u00f3 de la subvenci\u00f3 al transport de mercaderies per carretera, aix\u00ed com els retards acumulats en els serveis de Rodalia, \u201cuns retards i problemes que continuen vigents hui dia\u201d, ha lamentat la presidenta de la Diputaci\u00f3. Al seu torn, amb motiu de la visita prevista del ministre \u00d3scar Puente divendres que ve a Castell\u00f3, Marta Barrachina espera \u201cque vinga amb respostes a les demandes de la nostra prov\u00edncia\u201d.<\/p>\n\n\n\n<p>A m\u00e9s estes dos reunions, la presidenta de la Diputaci\u00f3 tamb\u00e9 est\u00e0 pendent de resposta per part de la ministra d&#8217;Hisenda, Mar\u00eda Jes\u00fas Montero, ja que, davant l&#8217;abs\u00e8ncia de Pressupostos Generals de l&#8217;Estat per a 2024, va anar el mes d&#8217;abril passat quan va sol\u00b7licitar una reuni\u00f3 per a transmetre la incertesa que provocava tal situaci\u00f3 als 135 municipis de la prov\u00edncia i a la Diputaci\u00f3 de Castell\u00f3, en descon\u00e9ixer com ni quan arribar\u00e0 els diners de transfer\u00e8ncies de l&#8217;Estat que correspon i amb el qual totes les administracions compten per a fer els seus pressupostos. Un escenari que continua sent incert per al present exercici 2025.<\/p>\n\n\n\n<p>Per tot, la presidenta de la Diputaci\u00f3 ha reafirmat que \u201cdes de la instituci\u00f3 provincial continuarem al\u00e7ant la veu en la defensa del nostre territori i per aix\u00f2 continuarem exigint davant totes les administracions i entitats competents el que Castell\u00f3 necessita i mereix\u201d. \u201cTant la cer\u00e0mica com el transport s\u00f3n dos sectors crucials i essencials per a la nostra prov\u00edncia i, per aix\u00f2, des de la Diputaci\u00f3 de Castell\u00f3 continuarem treballant amb serietat, lleialtat i fermesa perqu\u00e8 la cer\u00e0mica i el transport del qual depenen milers d&#8217;ocupacions i familiar puguen continuar sent generadors d&#8217;ocupaci\u00f3 a la nostra prov\u00edncia\u201d, ha incidit Marta Barrachina.<\/p>\n\n\n\n<p>Recordar que, a m\u00e9s d&#8217;estes dos reunions, la presidenta de la Diputaci\u00f3 va sol\u00b7licitar una reuni\u00f3 amb la ministra de Transici\u00f3 Ecol\u00f2gica i Repte Demogr\u00e0fic, Teresa Ribera, per a exigir al Govern solucions \u201curgents\u201d per a protegir el litoral de la prov\u00edncia. Una sol\u00b7licitud de reuni\u00f3 que s\u00ed que va obtindre resposta, per\u00f2 en lloc de la ministra, la presidenta de la Diputaci\u00f3 va traslladar al Secretari d&#8217;Estat de Medi Ambient, Hugo Mor\u00e1n, les exig\u00e8ncies per a protegir la costa.<\/p>\n\n\n\n<p>Aix\u00ed mateix, divendres passat la dirigent provincial va sol\u00b7licitar una reuni\u00f3 al president de la Confederaci\u00f3 Hidrogr\u00e0fica del X\u00faquer, Miguel Polo, amb la finalitat que actue a la prov\u00edncia de Castell\u00f3 i concrete les actuacions per a reparar els danys i desperfectes registrats en conques i passos fluvials per les pluges torrencials entre el 28 d&#8217;octubre i el 6 de novembre de 2024.<\/p>\n\n\n\n<p>Com ha afegit la m\u00e0xima representant de la instituci\u00f3 provincial, \u201ccom a altaveu per a reivindicar les necessitats del conjunt de la prov\u00edncia, des de la Diputaci\u00f3 de Castell\u00f3 continuarem reclamant quantes reunions siguen necess\u00e0ries amb els diferents ministeris per a continuar exigint que el Govern d&#8217;Espanya complisca amb la prov\u00edncia de Castell\u00f3\u201d.<\/p>\n\n\n\n<p><\/p>\n","protected":false},"excerpt":{"rendered":"<p>\u201cLamentem la falta de comprom\u00eds per part del Govern d&#8217;Espanya amb la nostra prov\u00edncia perqu\u00e8 seguixen sense arribar les mesures que donen solucions a les necessitats reals d&#8217;estos dos sectors\u201d, ha expressat la dirigent provincial. Marta Barrachina va registrar el 16 de gener de 2024 en la Subdelegaci\u00f3 del Govern la petici\u00f3 de reuni\u00f3 al &#8230; <a title=\"El Govern d&#8217;Espanya suma m\u00e9s d&#8217;un any sense respondre a la sol\u00b7licitud de reunions de la presidenta de la Diputaci\u00f3\" class=\"read-more\" href=\"https:\/\/elcafedepipa.com\/index.php\/2025\/02\/03\/el-govern-despanya-suma-mes-dun-any-sense-respondre-a-la-sollicitud-de-reunions-de-la-presidenta-de-la-diputacio\/\" aria-label=\"M\u00e9s informaci\u00f3 sobre El Govern d&#8217;Espanya suma m\u00e9s d&#8217;un any sense respondre a la sol\u00b7licitud de reunions de la presidenta de la Diputaci\u00f3\">Read more<\/a><\/p>\n","protected":false},"author":2,"featured_media":10477,"comment_status":"closed","ping_status":"closed","sticky":false,"template":"","format":"standard","meta":{"om_disable_all_campaigns":false,"_monsterinsights_skip_tracking":false,"_monsterinsights_sitenote_active":false,"_monsterinsights_sitenote_note":"","_monsterinsights_sitenote_category":0,"_uf_show_specific_survey":0,"_uf_disable_surveys":false,"footnotes":""},"categories":[10],"tags":[],"class_list":["post-10475","post","type-post","status-publish","format-standard","has-post-thumbnail","hentry","category-provinciadecastello"],"_links":{"self":[{"href":"https:\/\/elcafedepipa.com\/index.php\/wp-json\/wp\/v2\/posts\/10475","targetHints":{"allow":["GET"]}}],"collection":[{"href":"https:\/\/elcafedepipa.com\/index.php\/wp-json\/wp\/v2\/posts"}],"about":[{"href":"https:\/\/elcafedepipa.com\/index.php\/wp-json\/wp\/v2\/types\/post"}],"author":[{"embeddable":true,"href":"https:\/\/elcafedepipa.com\/index.php\/wp-json\/wp\/v2\/users\/2"}],"replies":[{"embeddable":true,"href":"https:\/\/elcafedepipa.com\/index.php\/wp-json\/wp\/v2\/comments?post=10475"}],"version-history":[{"count":0,"href":"https:\/\/elcafedepipa.com\/index.php\/wp-json\/wp\/v2\/posts\/10475\/revisions"}],"wp:featuredmedia":[{"embeddable":true,"href":"https:\/\/elcafedepipa.com\/index.php\/wp-json\/wp\/v2\/media\/10477"}],"wp:attachment":[{"href":"https:\/\/elcafedepipa.com\/index.php\/wp-json\/wp\/v2\/media?parent=10475"}],"wp:term":[{"taxonomy":"category","embeddable":true,"href":"https:\/\/elcafedepipa.com\/index.php\/wp-json\/wp\/v2\/categories?post=10475"},{"taxonomy":"post_tag","embeddable":true,"href":"https:\/\/elcafedepipa.com\/index.php\/wp-json\/wp\/v2\/tags?post=10475"}],"curies":[{"name":"wp","href":"https:\/\/api.w.org\/{rel}","templated":true}]}}