{"id":10418,"date":"2025-01-31T16:26:44","date_gmt":"2025-01-31T15:26:44","guid":{"rendered":"https:\/\/elcafedepipa.com\/?p=10418"},"modified":"2025-01-31T16:26:46","modified_gmt":"2025-01-31T15:26:46","slug":"marta-barrachina-exigix-a-la-chj-que-actue-a-la-provincia-de-castello-per-a-reparar-danys-de-les-pluges-torrencials","status":"publish","type":"post","link":"https:\/\/elcafedepipa.com\/index.php\/2025\/01\/31\/marta-barrachina-exigix-a-la-chj-que-actue-a-la-provincia-de-castello-per-a-reparar-danys-de-les-pluges-torrencials\/","title":{"rendered":"Marta Barrachina exigix a la CHJ que actue a la prov\u00edncia de Castell\u00f3 per a reparar danys de les pluges torrencials"},"content":{"rendered":"\n<p>La presidenta de la Diputaci\u00f3 Provincial de Castell\u00f3 ha sol\u00b7licitat una reuni\u00f3 amb el president de la Confederaci\u00f3 Hidrogr\u00e0fica del X\u00faquer, Miguel Polo, per a exigir que actue \u201cde manera immediata\u201d i solucione els desperfectes registrats en conques i passos fluvials.<\/p>\n\n\n\n<p>\u201cMentres des de la Diputaci\u00f3 i la Generalitat hem actuat de manera coordinada des del minut zero per a activar les ajudes d&#8217;emerg\u00e8ncia, els municipis de Castell\u00f3 afectats seguixen a l&#8217;espera que la CHJ assumisca la seua compet\u00e8ncia i actue en els entorns fluvials\u201d, ha subratllat la dirigent provincial.<\/p>\n\n\n\n<p>Davant eixe escenari, Marta Barrachina ha incidit en la necessitat de mantindre una trobada amb el m\u00e0xim representant de la CHJ a fi de coordinar i agilitzar les actuacions pendents en els rius de la prov\u00edncia. \u201c\u00c9s la seua compet\u00e8ncia i \u00e9s urgent que assumisca el seu paper per a poder garantir la recuperaci\u00f3 dels entorns fluvials afectats\u201d.<\/p>\n\n\n\n<p>La presidenta de la Diputaci\u00f3 ha lamentat que, \u201cdespr\u00e9s de tres mesos del greu episodi de pluges torrencials no ens ha arribat cap comunicaci\u00f3 per part de la CHJ quant a actuacions previstes a la nostra prov\u00edncia\u201d. \u201cPer a un restabliment de totes les infraestructures i espais que van registrar danys, \u00e9s necess\u00e0ria la col\u00b7laboraci\u00f3 i coordinaci\u00f3 de totes les administracions que tenen compet\u00e8ncia i, en este cas, \u00e9s compet\u00e8ncia de la CHJ que assumisca el seu paper per a garantir la protecci\u00f3 dels entorns fluvials\u201d, ha incidit.<\/p>\n\n\n\n<p>Per contra, Marta Barrachina ha recordat que des de la Diputaci\u00f3 \u201chem estat al costat dels nostres alcaldes des del primer moment, escoltant, reclamant solucions i posant els recursos necessaris per a fer front als danys registrats de les pluges torrencials\u201d.<\/p>\n\n\n\n<p>En eixe sentit, des del Consell i la Diputaci\u00f3 han treballat de manera conjunta \u201camb agilitat i comprom\u00eds per a oferir respostes reals als nostres municipis afectats per a garantir l&#8217;acc\u00e9s a tots els municipis i assegurar els serveis b\u00e0sics, reparant camins rurals i depuradores i tamb\u00e9 concedint ajudes als ajuntaments per a poder cobrir els gastos corresponents als treballs extraordinaris vinculats a l&#8217;emerg\u00e8ncia\u201d. Unes ajudes que ja aconseguixen els 14,6 milions d&#8217;euros.<\/p>\n\n\n\n<p>I, enfront d&#8217;eixa acci\u00f3 immediata per part de la Diputaci\u00f3 i del Consell, des de la instituci\u00f3 provincial continuaran al\u00e7ant la veu perqu\u00e8 \u201cvolem la resposta que mereix la prov\u00edncia\u201d, ha subratllat la presidenta Marta Barrachina.<\/p>\n\n\n\n<p>Per aix\u00f2, a m\u00e9s de la reuni\u00f3 sol\u00b7licitada amb el president de la CHJ, la Diputaci\u00f3 de Castell\u00f3 ha refor\u00e7at les seues exig\u00e8ncies al Govern d&#8217;Espanya perqu\u00e8 concedisca de manera immediata ajudes directes als municipis afectats per a reparar els danys produ\u00efts per les pluges torrencials, entre el 28 d&#8217;octubre i el 6 de novembre de 2024, a la prov\u00edncia de Castell\u00f3. Unes exig\u00e8ncies traslladades a trav\u00e9s de la moci\u00f3 aprovada en l&#8217;\u00faltim ple celebrat en la Diputaci\u00f3.<\/p>\n\n\n\n<p><\/p>\n","protected":false},"excerpt":{"rendered":"<p>La presidenta de la Diputaci\u00f3 Provincial de Castell\u00f3 ha sol\u00b7licitat una reuni\u00f3 amb el president de la Confederaci\u00f3 Hidrogr\u00e0fica del X\u00faquer, Miguel Polo, per a exigir que actue \u201cde manera immediata\u201d i solucione els desperfectes registrats en conques i passos fluvials. \u201cMentres des de la Diputaci\u00f3 i la Generalitat hem actuat de manera coordinada des &#8230; <a title=\"Marta Barrachina exigix a la CHJ que actue a la prov\u00edncia de Castell\u00f3 per a reparar danys de les pluges torrencials\" class=\"read-more\" href=\"https:\/\/elcafedepipa.com\/index.php\/2025\/01\/31\/marta-barrachina-exigix-a-la-chj-que-actue-a-la-provincia-de-castello-per-a-reparar-danys-de-les-pluges-torrencials\/\" aria-label=\"M\u00e9s informaci\u00f3 sobre Marta Barrachina exigix a la CHJ que actue a la prov\u00edncia de Castell\u00f3 per a reparar danys de les pluges torrencials\">Read more<\/a><\/p>\n","protected":false},"author":2,"featured_media":10419,"comment_status":"closed","ping_status":"closed","sticky":false,"template":"","format":"standard","meta":{"om_disable_all_campaigns":false,"_monsterinsights_skip_tracking":false,"_monsterinsights_sitenote_active":false,"_monsterinsights_sitenote_note":"","_monsterinsights_sitenote_category":0,"_uf_show_specific_survey":0,"_uf_disable_surveys":false,"footnotes":""},"categories":[10],"tags":[],"class_list":["post-10418","post","type-post","status-publish","format-standard","has-post-thumbnail","hentry","category-provinciadecastello"],"_links":{"self":[{"href":"https:\/\/elcafedepipa.com\/index.php\/wp-json\/wp\/v2\/posts\/10418","targetHints":{"allow":["GET"]}}],"collection":[{"href":"https:\/\/elcafedepipa.com\/index.php\/wp-json\/wp\/v2\/posts"}],"about":[{"href":"https:\/\/elcafedepipa.com\/index.php\/wp-json\/wp\/v2\/types\/post"}],"author":[{"embeddable":true,"href":"https:\/\/elcafedepipa.com\/index.php\/wp-json\/wp\/v2\/users\/2"}],"replies":[{"embeddable":true,"href":"https:\/\/elcafedepipa.com\/index.php\/wp-json\/wp\/v2\/comments?post=10418"}],"version-history":[{"count":0,"href":"https:\/\/elcafedepipa.com\/index.php\/wp-json\/wp\/v2\/posts\/10418\/revisions"}],"wp:featuredmedia":[{"embeddable":true,"href":"https:\/\/elcafedepipa.com\/index.php\/wp-json\/wp\/v2\/media\/10419"}],"wp:attachment":[{"href":"https:\/\/elcafedepipa.com\/index.php\/wp-json\/wp\/v2\/media?parent=10418"}],"wp:term":[{"taxonomy":"category","embeddable":true,"href":"https:\/\/elcafedepipa.com\/index.php\/wp-json\/wp\/v2\/categories?post=10418"},{"taxonomy":"post_tag","embeddable":true,"href":"https:\/\/elcafedepipa.com\/index.php\/wp-json\/wp\/v2\/tags?post=10418"}],"curies":[{"name":"wp","href":"https:\/\/api.w.org\/{rel}","templated":true}]}}