{"id":10384,"date":"2025-01-30T15:45:36","date_gmt":"2025-01-30T14:45:36","guid":{"rendered":"https:\/\/elcafedepipa.com\/?p=10384"},"modified":"2025-01-30T15:45:38","modified_gmt":"2025-01-30T14:45:38","slug":"lalumnat-de-nules-participa-duna-marxa-solidaria-per-la-dana","status":"publish","type":"post","link":"https:\/\/elcafedepipa.com\/index.php\/2025\/01\/30\/lalumnat-de-nules-participa-duna-marxa-solidaria-per-la-dana\/","title":{"rendered":"L&#8217;Alumnat de Nules participa d&#8217;una marxa solid\u00e0ria per la DANA"},"content":{"rendered":"\n<p><strong>Aquest acte s\u2019emmarca en el Dia per la Pau i no Viol\u00e8ncia<\/strong><\/p>\n\n\n\n<p>L\u2019alumnat de les escoles i de l\u2019IES Gilabert de Centelles de Nules s\u2019ha donat cita hui a la pla\u00e7a Major per a recordar a les v\u00edctimes de la Dana. Aquest acte s\u2019emmarca en el Dia per la Pau i no Viol\u00e8ncia i ha estat una iniciativa dels centres educatius de la localitat que ha comptat amb el suport de l\u2019Ajuntament de Nules.<br>Aix\u00ed, tot l\u2019alumnat i professorat han participat en una Marxa Solid\u00e0ria per la Dana que ha eixit simult\u00e0niament des del CEIP Jaume I i l\u2019IES Gilabert de Centelles, en la qual han estat treballant els diferents centres educatius en les \u00faltimes setmanes, de manera que totes les persones interessades han pogut adquirir un dorsal solidari a canvi d\u2019un euro.<\/p>\n\n\n\n<p><br>Amb tot, la jornada solid\u00e0ria ha comptat tamb\u00e9 amb la lectura d\u2019un manifest, un minut de silenci per les v\u00edctimes i l\u2019aplaudiment col\u00b7lectiu per a agrair la tasca desenvolupada pel voluntariat.<br>Al respecte, el regidor de Serveis Socials, Ram\u00f3n Mart\u00ednez, comenta que \u201chem donat suport a aquesta iniciativa solid\u00e0ria que al mateix temps que vol recordar a les v\u00edctimes, i agrair el treball del personal voluntari en les zones afectades per la Dana tamb\u00e9 vol ajudar a les persones damnificades perqu\u00e8 els diners recaptats es donaran a Creu Roja\u201d.<br><\/p>\n","protected":false},"excerpt":{"rendered":"<p>Aquest acte s\u2019emmarca en el Dia per la Pau i no Viol\u00e8ncia L\u2019alumnat de les escoles i de l\u2019IES Gilabert de Centelles de Nules s\u2019ha donat cita hui a la pla\u00e7a Major per a recordar a les v\u00edctimes de la Dana. Aquest acte s\u2019emmarca en el Dia per la Pau i no Viol\u00e8ncia i ha &#8230; <a title=\"L&#8217;Alumnat de Nules participa d&#8217;una marxa solid\u00e0ria per la DANA\" class=\"read-more\" href=\"https:\/\/elcafedepipa.com\/index.php\/2025\/01\/30\/lalumnat-de-nules-participa-duna-marxa-solidaria-per-la-dana\/\" aria-label=\"M\u00e9s informaci\u00f3 sobre L&#8217;Alumnat de Nules participa d&#8217;una marxa solid\u00e0ria per la DANA\">Read more<\/a><\/p>\n","protected":false},"author":2,"featured_media":10385,"comment_status":"closed","ping_status":"closed","sticky":false,"template":"","format":"standard","meta":{"om_disable_all_campaigns":false,"_monsterinsights_skip_tracking":false,"_monsterinsights_sitenote_active":false,"_monsterinsights_sitenote_note":"","_monsterinsights_sitenote_category":0,"_uf_show_specific_survey":0,"_uf_disable_surveys":false,"footnotes":""},"categories":[3],"tags":[],"class_list":["post-10384","post","type-post","status-publish","format-standard","has-post-thumbnail","hentry","category-nules"],"_links":{"self":[{"href":"https:\/\/elcafedepipa.com\/index.php\/wp-json\/wp\/v2\/posts\/10384","targetHints":{"allow":["GET"]}}],"collection":[{"href":"https:\/\/elcafedepipa.com\/index.php\/wp-json\/wp\/v2\/posts"}],"about":[{"href":"https:\/\/elcafedepipa.com\/index.php\/wp-json\/wp\/v2\/types\/post"}],"author":[{"embeddable":true,"href":"https:\/\/elcafedepipa.com\/index.php\/wp-json\/wp\/v2\/users\/2"}],"replies":[{"embeddable":true,"href":"https:\/\/elcafedepipa.com\/index.php\/wp-json\/wp\/v2\/comments?post=10384"}],"version-history":[{"count":0,"href":"https:\/\/elcafedepipa.com\/index.php\/wp-json\/wp\/v2\/posts\/10384\/revisions"}],"wp:featuredmedia":[{"embeddable":true,"href":"https:\/\/elcafedepipa.com\/index.php\/wp-json\/wp\/v2\/media\/10385"}],"wp:attachment":[{"href":"https:\/\/elcafedepipa.com\/index.php\/wp-json\/wp\/v2\/media?parent=10384"}],"wp:term":[{"taxonomy":"category","embeddable":true,"href":"https:\/\/elcafedepipa.com\/index.php\/wp-json\/wp\/v2\/categories?post=10384"},{"taxonomy":"post_tag","embeddable":true,"href":"https:\/\/elcafedepipa.com\/index.php\/wp-json\/wp\/v2\/tags?post=10384"}],"curies":[{"name":"wp","href":"https:\/\/api.w.org\/{rel}","templated":true}]}}