{"id":10342,"date":"2025-01-30T15:13:04","date_gmt":"2025-01-30T14:13:04","guid":{"rendered":"https:\/\/elcafedepipa.com\/?p=10342"},"modified":"2025-01-30T15:13:06","modified_gmt":"2025-01-30T14:13:06","slug":"la-vall-duixo-celebra-el-dia-escolar-de-la-pau-i-la-no-violencia-recordant-a-vicent-martinez-guzman","status":"publish","type":"post","link":"https:\/\/elcafedepipa.com\/index.php\/2025\/01\/30\/la-vall-duixo-celebra-el-dia-escolar-de-la-pau-i-la-no-violencia-recordant-a-vicent-martinez-guzman\/","title":{"rendered":"La Vall d&#8217;Uix\u00f3 celebra el dia escolar de la pau i la no-viol\u00e8ncia recordant a Vicent Mart\u00ednez Guzm\u00e1n"},"content":{"rendered":"\n<p>L&#8217;Ajuntament de la Vall d&#8217;Uix\u00f3 ha celebrat este mat\u00ed el dia escolar de la pau i la no-viol\u00e8ncia amb una trobada escolar en la pla\u00e7a Mahatma Gandhi. L&#8217;alumnat de 3r i 4t de prim\u00e0ria ha llegit frases i desitjos pacifistes, que despr\u00e9s s&#8217;han penjat a l&#8217;arbre de la pau.<\/p>\n\n\n\n<p>A m\u00e9s un grup del CEIP Rosario P\u00e9rez ha fet una lectura teatralitzada del c\u00f2mic sobre la vida de Vicent Mart\u00ednez Guzm\u00e1n. Les regidories d&#8217;Educaci\u00f3 i Serveis Socials han col\u00b7laborat amb l&#8217;associaci\u00f3 Amics de la Vall en l&#8217;organitzaci\u00f3 d&#8217;este acte.&nbsp;&nbsp;<\/p>\n\n\n\n<figure class=\"wp-block-image size-large\"><img fetchpriority=\"high\" decoding=\"async\" width=\"1024\" height=\"768\" src=\"https:\/\/elcafedepipa.com\/wp-content\/uploads\/2025\/01\/DIA-PAU-4-1024x768.jpeg\" alt=\"\" class=\"wp-image-10344\" srcset=\"https:\/\/elcafedepipa.com\/wp-content\/uploads\/2025\/01\/DIA-PAU-4-1024x768.jpeg 1024w, https:\/\/elcafedepipa.com\/wp-content\/uploads\/2025\/01\/DIA-PAU-4-300x225.jpeg 300w, https:\/\/elcafedepipa.com\/wp-content\/uploads\/2025\/01\/DIA-PAU-4-768x576.jpeg 768w, https:\/\/elcafedepipa.com\/wp-content\/uploads\/2025\/01\/DIA-PAU-4-1536x1152.jpeg 1536w, https:\/\/elcafedepipa.com\/wp-content\/uploads\/2025\/01\/DIA-PAU-4.jpeg 1600w\" sizes=\"(max-width: 1024px) 100vw, 1024px\" \/><\/figure>\n\n\n\n<figure class=\"wp-block-image size-large\"><img decoding=\"async\" width=\"1024\" height=\"768\" src=\"https:\/\/elcafedepipa.com\/wp-content\/uploads\/2025\/01\/DIA-PAU-1-1024x768.jpeg\" alt=\"\" class=\"wp-image-10345\" srcset=\"https:\/\/elcafedepipa.com\/wp-content\/uploads\/2025\/01\/DIA-PAU-1-1024x768.jpeg 1024w, https:\/\/elcafedepipa.com\/wp-content\/uploads\/2025\/01\/DIA-PAU-1-300x225.jpeg 300w, https:\/\/elcafedepipa.com\/wp-content\/uploads\/2025\/01\/DIA-PAU-1-768x576.jpeg 768w, https:\/\/elcafedepipa.com\/wp-content\/uploads\/2025\/01\/DIA-PAU-1-1536x1152.jpeg 1536w, https:\/\/elcafedepipa.com\/wp-content\/uploads\/2025\/01\/DIA-PAU-1.jpeg 1600w\" sizes=\"(max-width: 1024px) 100vw, 1024px\" \/><\/figure>\n\n\n\n<figure class=\"wp-block-image size-large\"><img decoding=\"async\" width=\"1024\" height=\"768\" src=\"https:\/\/elcafedepipa.com\/wp-content\/uploads\/2025\/01\/DIA-PAU-3-1024x768.jpeg\" alt=\"\" class=\"wp-image-10346\" srcset=\"https:\/\/elcafedepipa.com\/wp-content\/uploads\/2025\/01\/DIA-PAU-3-1024x768.jpeg 1024w, https:\/\/elcafedepipa.com\/wp-content\/uploads\/2025\/01\/DIA-PAU-3-300x225.jpeg 300w, https:\/\/elcafedepipa.com\/wp-content\/uploads\/2025\/01\/DIA-PAU-3-768x576.jpeg 768w, https:\/\/elcafedepipa.com\/wp-content\/uploads\/2025\/01\/DIA-PAU-3-1536x1152.jpeg 1536w, https:\/\/elcafedepipa.com\/wp-content\/uploads\/2025\/01\/DIA-PAU-3.jpeg 1600w\" sizes=\"(max-width: 1024px) 100vw, 1024px\" \/><\/figure>\n\n\n\n<figure class=\"wp-block-image size-large\"><img loading=\"lazy\" decoding=\"async\" width=\"768\" height=\"1024\" src=\"https:\/\/elcafedepipa.com\/wp-content\/uploads\/2025\/01\/DIA-PAU-2-768x1024.jpeg\" alt=\"\" class=\"wp-image-10347\" srcset=\"https:\/\/elcafedepipa.com\/wp-content\/uploads\/2025\/01\/DIA-PAU-2-768x1024.jpeg 768w, https:\/\/elcafedepipa.com\/wp-content\/uploads\/2025\/01\/DIA-PAU-2-225x300.jpeg 225w, https:\/\/elcafedepipa.com\/wp-content\/uploads\/2025\/01\/DIA-PAU-2-1152x1536.jpeg 1152w, https:\/\/elcafedepipa.com\/wp-content\/uploads\/2025\/01\/DIA-PAU-2.jpeg 1200w\" sizes=\"(max-width: 768px) 100vw, 768px\" \/><\/figure>\n\n\n\n<figure class=\"wp-block-image size-large\"><img loading=\"lazy\" decoding=\"async\" width=\"1024\" height=\"768\" src=\"https:\/\/elcafedepipa.com\/wp-content\/uploads\/2025\/01\/DIA-PAU-5-1-1024x768.jpeg\" alt=\"\" class=\"wp-image-10348\" srcset=\"https:\/\/elcafedepipa.com\/wp-content\/uploads\/2025\/01\/DIA-PAU-5-1-1024x768.jpeg 1024w, https:\/\/elcafedepipa.com\/wp-content\/uploads\/2025\/01\/DIA-PAU-5-1-300x225.jpeg 300w, https:\/\/elcafedepipa.com\/wp-content\/uploads\/2025\/01\/DIA-PAU-5-1-768x576.jpeg 768w, https:\/\/elcafedepipa.com\/wp-content\/uploads\/2025\/01\/DIA-PAU-5-1-1536x1152.jpeg 1536w, https:\/\/elcafedepipa.com\/wp-content\/uploads\/2025\/01\/DIA-PAU-5-1.jpeg 1600w\" sizes=\"(max-width: 1024px) 100vw, 1024px\" \/><\/figure>\n","protected":false},"excerpt":{"rendered":"<p>L&#8217;Ajuntament de la Vall d&#8217;Uix\u00f3 ha celebrat este mat\u00ed el dia escolar de la pau i la no-viol\u00e8ncia amb una trobada escolar en la pla\u00e7a Mahatma Gandhi. L&#8217;alumnat de 3r i 4t de prim\u00e0ria ha llegit frases i desitjos pacifistes, que despr\u00e9s s&#8217;han penjat a l&#8217;arbre de la pau. A m\u00e9s un grup del CEIP &#8230; <a title=\"La Vall d&#8217;Uix\u00f3 celebra el dia escolar de la pau i la no-viol\u00e8ncia recordant a Vicent Mart\u00ednez Guzm\u00e1n\" class=\"read-more\" href=\"https:\/\/elcafedepipa.com\/index.php\/2025\/01\/30\/la-vall-duixo-celebra-el-dia-escolar-de-la-pau-i-la-no-violencia-recordant-a-vicent-martinez-guzman\/\" aria-label=\"M\u00e9s informaci\u00f3 sobre La Vall d&#8217;Uix\u00f3 celebra el dia escolar de la pau i la no-viol\u00e8ncia recordant a Vicent Mart\u00ednez Guzm\u00e1n\">Read more<\/a><\/p>\n","protected":false},"author":2,"featured_media":10343,"comment_status":"closed","ping_status":"closed","sticky":false,"template":"","format":"standard","meta":{"om_disable_all_campaigns":false,"_monsterinsights_skip_tracking":false,"_monsterinsights_sitenote_active":false,"_monsterinsights_sitenote_note":"","_monsterinsights_sitenote_category":0,"_uf_show_specific_survey":0,"_uf_disable_surveys":false,"footnotes":""},"categories":[1],"tags":[],"class_list":["post-10342","post","type-post","status-publish","format-standard","has-post-thumbnail","hentry","category-non-classe"],"_links":{"self":[{"href":"https:\/\/elcafedepipa.com\/index.php\/wp-json\/wp\/v2\/posts\/10342","targetHints":{"allow":["GET"]}}],"collection":[{"href":"https:\/\/elcafedepipa.com\/index.php\/wp-json\/wp\/v2\/posts"}],"about":[{"href":"https:\/\/elcafedepipa.com\/index.php\/wp-json\/wp\/v2\/types\/post"}],"author":[{"embeddable":true,"href":"https:\/\/elcafedepipa.com\/index.php\/wp-json\/wp\/v2\/users\/2"}],"replies":[{"embeddable":true,"href":"https:\/\/elcafedepipa.com\/index.php\/wp-json\/wp\/v2\/comments?post=10342"}],"version-history":[{"count":0,"href":"https:\/\/elcafedepipa.com\/index.php\/wp-json\/wp\/v2\/posts\/10342\/revisions"}],"wp:featuredmedia":[{"embeddable":true,"href":"https:\/\/elcafedepipa.com\/index.php\/wp-json\/wp\/v2\/media\/10343"}],"wp:attachment":[{"href":"https:\/\/elcafedepipa.com\/index.php\/wp-json\/wp\/v2\/media?parent=10342"}],"wp:term":[{"taxonomy":"category","embeddable":true,"href":"https:\/\/elcafedepipa.com\/index.php\/wp-json\/wp\/v2\/categories?post=10342"},{"taxonomy":"post_tag","embeddable":true,"href":"https:\/\/elcafedepipa.com\/index.php\/wp-json\/wp\/v2\/tags?post=10342"}],"curies":[{"name":"wp","href":"https:\/\/api.w.org\/{rel}","templated":true}]}}