{"id":10338,"date":"2025-01-29T23:10:05","date_gmt":"2025-01-29T22:10:05","guid":{"rendered":"https:\/\/elcafedepipa.com\/?p=10338"},"modified":"2025-01-29T23:10:06","modified_gmt":"2025-01-29T22:10:06","slug":"lajuntament-de-la-vall-duixo-aprova-el-pressupost-mes-alt-de-la-historia-528-milions-deuros-amb-12-vots-a-favor-i-9-en-contra","status":"publish","type":"post","link":"https:\/\/elcafedepipa.com\/index.php\/2025\/01\/29\/lajuntament-de-la-vall-duixo-aprova-el-pressupost-mes-alt-de-la-historia-528-milions-deuros-amb-12-vots-a-favor-i-9-en-contra\/","title":{"rendered":"L&#8217;Ajuntament de la Vall d&#8217;Uix\u00f3 aprova el pressupost m\u00e9s alt de la hist\u00f2ria: 52,8 milions d&#8217;euros amb 12 vots a favor i 9 en contra."},"content":{"rendered":"\n<p><strong>Els eixos s\u00f3n la lluita contra el canvi clim\u00e0tic, l&#8217;atenci\u00f3 i la cohesi\u00f3 social, el desenvolupament econ\u00f2mic i l&#8217;impuls definitiu als projectes estrat\u00e8gics<\/strong><\/p>\n\n\n\n<p>L&#8217;Ajuntament de la Vall d&#8217;Uix\u00f3 ha aprovat el pressupost municipal per a aquest 2025, que \u00e9s el m\u00e9s alt i amb m\u00e9s inversi\u00f3 de la seua hist\u00f2ria. Els comptes pugen a 52,8 milions d&#8217;euros, 18,8 dels quals s\u00f3n inversions. \u00c9s el des\u00e8 pressupost del govern tripartit i amb ell es consolida el projecte de transformaci\u00f3 de la ciutat.<\/p>\n\n\n\n<p>L&#8217;alcaldessa, Tania Ba\u00f1os, i els tinents d&#8217;alcaldessa, Fernando Dar\u00f2s i Marc Seguer, han destacat l&#8217;esfor\u00e7 \u201cper captar recursos econ\u00f2mics externs per continuar transformant la Vall, que ara est\u00e0 en el seu millor moment\u201d. I \u00e9s que dels 18,8 milions d&#8217;euros d&#8217;inversions, 14 provenen de recursos econ\u00f2mics d&#8217;altres administracions superiors, com els 9 milions d&#8217;euros dels fons europeus.<\/p>\n\n\n\n<p>Amb aquests comptes es d\u00f3na \u201cun impuls definitiu a projectes estrat\u00e8gics de ciutat, amb impacte real i durador a la Vall\u201d. Els eixos s\u00f3n la lluita contra el canvi clim\u00e0tic, la garantia de prestaci\u00f3 de l&#8217;atenci\u00f3 prim\u00e0ria b\u00e0sica de serveis socials, l&#8217;aposta per parcs i jardins m\u00e9s i millors, l&#8217;impuls econ\u00f2mic i industrial, i la integraci\u00f3 i cohesi\u00f3 social a trav\u00e9s de la cultura, l&#8217;esport, la igualtat, l&#8217;educaci\u00f3 i uns barris m\u00e9s inclusius.<\/p>\n\n\n\n<p>Aquestes l\u00ednies estrat\u00e8giques es reflecteixen a les xifres, at\u00e8s que s&#8217;inverteixen 6,7 milions d&#8217;euros al nou CEIP Rosario P\u00e9rez i la reforma dels CEIP Assumpci\u00f3, Sant Vicent i Lleonard Mingarro. A pol\u00edtiques inclusives i serveis socials s&#8217;hi destinen 7,6 milions; 4,6 a pol\u00edtiques mediambientals i de transici\u00f3 ecol\u00f2gica; 3,3 a esport; 3,8 a seguretat; 1,9 a cultura, joventut, barris i festes; i 1,8 a dinamitzaci\u00f3 econ\u00f2mica, tur\u00edstica i industrial.<\/p>\n\n\n\n<p>Pel que fa a inversions concretes, destaquen els 460.000 euros del canvi de gespa dels camps de futbol de la Moleta; 340.000 euros per a accions de digitalitzaci\u00f3, smart city i transpar\u00e8ncia; 240.000 euros per a millores a parcs, jardins i zones de jocs; 117.000 per a una nova fase de la reforma del Teatre Municipal; 817.000 per al\u00b4inici de les obres del parc aqu\u00e0tic de Sant Josep; 1.300.000 euros per al segon pavell\u00f3 poliesportiu, o 165.000 en millores en la recollida i gesti\u00f3 de les escombraries.<\/p>\n\n\n\n<p>Els fons europeus Next Generation EU tamb\u00e9 s\u00f3n clau dins del pressupost per a aquest any, ja que inclouen 3,2 milions d&#8217;euros per a les obres de reforma i d&#8217;ampliaci\u00f3 de l&#8217;edifici de l&#8217;ajuntament; 2 per a la rehabilitaci\u00f3 urbana del barri Col\u00f2nia San Antonio; 1,9 per a la muse\u00eftzaci\u00f3 de la F\u00e0brica de la Llum i altres 2 per a l&#8217;excavaci\u00f3 del poblat de Sant Josep.<\/p>\n\n\n\n<p>Aquest pressupost \u00e9s una mostra de \u201cl&#8217;estabilitat i bona salut del govern de coalici\u00f3\u201d, han remarcat. Aix\u00ed mateix, s\u00f3n una declaraci\u00f3 d&#8217;intencions &#8220;del projecte d&#8217;un govern de progr\u00e9s per a una ciutat que progressa i que no es vol tornar a quedar enrere&#8221;. El mateix s&#8217;ha aprovat al primer ple ordinari de l&#8217;any i \u201c\u00e9s fruit del treball conjunt, que anteposa els interessos de la Vall per davant dels de cada partit\u201d.<\/p>\n","protected":false},"excerpt":{"rendered":"<p>Els eixos s\u00f3n la lluita contra el canvi clim\u00e0tic, l&#8217;atenci\u00f3 i la cohesi\u00f3 social, el desenvolupament econ\u00f2mic i l&#8217;impuls definitiu als projectes estrat\u00e8gics L&#8217;Ajuntament de la Vall d&#8217;Uix\u00f3 ha aprovat el pressupost municipal per a aquest 2025, que \u00e9s el m\u00e9s alt i amb m\u00e9s inversi\u00f3 de la seua hist\u00f2ria. Els comptes pugen a 52,8 &#8230; <a title=\"L&#8217;Ajuntament de la Vall d&#8217;Uix\u00f3 aprova el pressupost m\u00e9s alt de la hist\u00f2ria: 52,8 milions d&#8217;euros amb 12 vots a favor i 9 en contra.\" class=\"read-more\" href=\"https:\/\/elcafedepipa.com\/index.php\/2025\/01\/29\/lajuntament-de-la-vall-duixo-aprova-el-pressupost-mes-alt-de-la-historia-528-milions-deuros-amb-12-vots-a-favor-i-9-en-contra\/\" aria-label=\"M\u00e9s informaci\u00f3 sobre L&#8217;Ajuntament de la Vall d&#8217;Uix\u00f3 aprova el pressupost m\u00e9s alt de la hist\u00f2ria: 52,8 milions d&#8217;euros amb 12 vots a favor i 9 en contra.\">Read more<\/a><\/p>\n","protected":false},"author":2,"featured_media":10339,"comment_status":"closed","ping_status":"closed","sticky":false,"template":"","format":"standard","meta":{"om_disable_all_campaigns":false,"_monsterinsights_skip_tracking":false,"_monsterinsights_sitenote_active":false,"_monsterinsights_sitenote_note":"","_monsterinsights_sitenote_category":0,"_uf_show_specific_survey":0,"_uf_disable_surveys":false,"footnotes":""},"categories":[1],"tags":[],"class_list":["post-10338","post","type-post","status-publish","format-standard","has-post-thumbnail","hentry","category-non-classe"],"_links":{"self":[{"href":"https:\/\/elcafedepipa.com\/index.php\/wp-json\/wp\/v2\/posts\/10338","targetHints":{"allow":["GET"]}}],"collection":[{"href":"https:\/\/elcafedepipa.com\/index.php\/wp-json\/wp\/v2\/posts"}],"about":[{"href":"https:\/\/elcafedepipa.com\/index.php\/wp-json\/wp\/v2\/types\/post"}],"author":[{"embeddable":true,"href":"https:\/\/elcafedepipa.com\/index.php\/wp-json\/wp\/v2\/users\/2"}],"replies":[{"embeddable":true,"href":"https:\/\/elcafedepipa.com\/index.php\/wp-json\/wp\/v2\/comments?post=10338"}],"version-history":[{"count":0,"href":"https:\/\/elcafedepipa.com\/index.php\/wp-json\/wp\/v2\/posts\/10338\/revisions"}],"wp:featuredmedia":[{"embeddable":true,"href":"https:\/\/elcafedepipa.com\/index.php\/wp-json\/wp\/v2\/media\/10339"}],"wp:attachment":[{"href":"https:\/\/elcafedepipa.com\/index.php\/wp-json\/wp\/v2\/media?parent=10338"}],"wp:term":[{"taxonomy":"category","embeddable":true,"href":"https:\/\/elcafedepipa.com\/index.php\/wp-json\/wp\/v2\/categories?post=10338"},{"taxonomy":"post_tag","embeddable":true,"href":"https:\/\/elcafedepipa.com\/index.php\/wp-json\/wp\/v2\/tags?post=10338"}],"curies":[{"name":"wp","href":"https:\/\/api.w.org\/{rel}","templated":true}]}}