{"id":10322,"date":"2025-01-29T14:03:29","date_gmt":"2025-01-29T13:03:29","guid":{"rendered":"https:\/\/elcafedepipa.com\/?p=10322"},"modified":"2025-01-29T14:03:30","modified_gmt":"2025-01-29T13:03:30","slug":"almenara-impulsa-els-poligons-agricola-2-i-agricola-2-bis-amb-la-creacio-duna-entitat-de-gestio-i-modernitzacio-egm","status":"publish","type":"post","link":"https:\/\/elcafedepipa.com\/index.php\/2025\/01\/29\/almenara-impulsa-els-poligons-agricola-2-i-agricola-2-bis-amb-la-creacio-duna-entitat-de-gestio-i-modernitzacio-egm\/","title":{"rendered":"Almenara impulsa els pol\u00edgons agr\u00edcola 2 i agr\u00edcola 2 Bis amb la creaci\u00f3 d\u2019una entitat de gesti\u00f3 i modernitzaci\u00f3 (EGM)"},"content":{"rendered":"\n<p><strong>Aquest mat\u00ed en una trobada els empresaris i propietaris han acordat la constituci\u00f3 de la comissi\u00f3 promotora<\/strong><\/p>\n\n\n\n<p>L&#8217;Ajuntament d&#8217;Almenara ha organitzat aquest mat\u00ed una nova trobada amb els empresaris i propietaris dels pol\u00edgons industrials Agr\u00edcola 2 i Agr\u00edcola 2 Bis amb la finalitat d&#8217;impulsar la constituci\u00f3 d&#8217;una Entitat de Gesti\u00f3 i Modernitzaci\u00f3 (EGM) amb l&#8217;objectiu de millorar les zones industrials de la localitat.<\/p>\n\n\n\n<p>En la trobada s&#8217;ha acordat la creaci\u00f3 de la comissi\u00f3 promotora de l\u2019EGM amb l&#8217;objectiu de millorar la gesti\u00f3 i la modernitzaci\u00f3 dels pol\u00edgons industrials Agr\u00edcola 2 i Agr\u00edcola 2 Bis per a fer front a les necessitats de les ind\u00fastries actuals.<\/p>\n\n\n\n<p>La trobada \u00e9s una continuaci\u00f3 de les jornades mantingudes anteriorment. En ella, a m\u00e9s dels propietaris i empreses, ha participat el president executiu de la Federaci\u00f3 de Parcs Empresarials de la Comunitat Valenciana (FEPEVAL), Diego Rom\u00e1, aix\u00ed com les assessores Araceli Peris i Eugenia Parre\u00f1o de Gesti\u00f3 d&#8217;\u00c0rees Empresarials (GAE), t\u00e8cniques i advocades especialitzades en la mat\u00e8ria. Tamb\u00e9 han participat t\u00e8cnics municipals i el regidor d&#8217;Urbanisme, Lorenzo Vicent.<\/p>\n\n\n\n<p>L&#8217;Entitat de Gesti\u00f3 i Modernitzaci\u00f3 (EGM) \u00e9s una figura jur\u00eddica creada per a impulsar la professionalitzaci\u00f3 de les \u00e0rees industrials de la Comunitat Valenciana a trav\u00e9s de la col\u00b7laboraci\u00f3 p\u00fablic-privada, que permetr\u00e0 millorar els espais en els quals les empreses desenvolupen la seua activitat, optimitzant els serveis disponibles.<\/p>\n","protected":false},"excerpt":{"rendered":"<p>Aquest mat\u00ed en una trobada els empresaris i propietaris han acordat la constituci\u00f3 de la comissi\u00f3 promotora L&#8217;Ajuntament d&#8217;Almenara ha organitzat aquest mat\u00ed una nova trobada amb els empresaris i propietaris dels pol\u00edgons industrials Agr\u00edcola 2 i Agr\u00edcola 2 Bis amb la finalitat d&#8217;impulsar la constituci\u00f3 d&#8217;una Entitat de Gesti\u00f3 i Modernitzaci\u00f3 (EGM) amb l&#8217;objectiu &#8230; <a title=\"Almenara impulsa els pol\u00edgons agr\u00edcola 2 i agr\u00edcola 2 Bis amb la creaci\u00f3 d\u2019una entitat de gesti\u00f3 i modernitzaci\u00f3 (EGM)\" class=\"read-more\" href=\"https:\/\/elcafedepipa.com\/index.php\/2025\/01\/29\/almenara-impulsa-els-poligons-agricola-2-i-agricola-2-bis-amb-la-creacio-duna-entitat-de-gestio-i-modernitzacio-egm\/\" aria-label=\"M\u00e9s informaci\u00f3 sobre Almenara impulsa els pol\u00edgons agr\u00edcola 2 i agr\u00edcola 2 Bis amb la creaci\u00f3 d\u2019una entitat de gesti\u00f3 i modernitzaci\u00f3 (EGM)\">Read more<\/a><\/p>\n","protected":false},"author":2,"featured_media":10323,"comment_status":"closed","ping_status":"closed","sticky":false,"template":"","format":"standard","meta":{"om_disable_all_campaigns":false,"_monsterinsights_skip_tracking":false,"_monsterinsights_sitenote_active":false,"_monsterinsights_sitenote_note":"","_monsterinsights_sitenote_category":0,"_uf_show_specific_survey":0,"_uf_disable_surveys":false,"footnotes":""},"categories":[1],"tags":[],"class_list":["post-10322","post","type-post","status-publish","format-standard","has-post-thumbnail","hentry","category-non-classe"],"_links":{"self":[{"href":"https:\/\/elcafedepipa.com\/index.php\/wp-json\/wp\/v2\/posts\/10322","targetHints":{"allow":["GET"]}}],"collection":[{"href":"https:\/\/elcafedepipa.com\/index.php\/wp-json\/wp\/v2\/posts"}],"about":[{"href":"https:\/\/elcafedepipa.com\/index.php\/wp-json\/wp\/v2\/types\/post"}],"author":[{"embeddable":true,"href":"https:\/\/elcafedepipa.com\/index.php\/wp-json\/wp\/v2\/users\/2"}],"replies":[{"embeddable":true,"href":"https:\/\/elcafedepipa.com\/index.php\/wp-json\/wp\/v2\/comments?post=10322"}],"version-history":[{"count":0,"href":"https:\/\/elcafedepipa.com\/index.php\/wp-json\/wp\/v2\/posts\/10322\/revisions"}],"wp:featuredmedia":[{"embeddable":true,"href":"https:\/\/elcafedepipa.com\/index.php\/wp-json\/wp\/v2\/media\/10323"}],"wp:attachment":[{"href":"https:\/\/elcafedepipa.com\/index.php\/wp-json\/wp\/v2\/media?parent=10322"}],"wp:term":[{"taxonomy":"category","embeddable":true,"href":"https:\/\/elcafedepipa.com\/index.php\/wp-json\/wp\/v2\/categories?post=10322"},{"taxonomy":"post_tag","embeddable":true,"href":"https:\/\/elcafedepipa.com\/index.php\/wp-json\/wp\/v2\/tags?post=10322"}],"curies":[{"name":"wp","href":"https:\/\/api.w.org\/{rel}","templated":true}]}}