{"id":10315,"date":"2025-01-29T12:32:40","date_gmt":"2025-01-29T11:32:40","guid":{"rendered":"https:\/\/elcafedepipa.com\/?p=10315"},"modified":"2025-01-29T12:32:41","modified_gmt":"2025-01-29T11:32:41","slug":"falomir-destaca-que-castello-tanca-2024-amb-les-millors-xifres-docupacio-en-17-anys-i-acusa-el-pp-de-vendre-ruina-per-a-atacar-el-govern-perque-li-rebenten-les-dades","status":"publish","type":"post","link":"https:\/\/elcafedepipa.com\/index.php\/2025\/01\/29\/falomir-destaca-que-castello-tanca-2024-amb-les-millors-xifres-docupacio-en-17-anys-i-acusa-el-pp-de-vendre-ruina-per-a-atacar-el-govern-perque-li-rebenten-les-dades\/","title":{"rendered":"Falomir destaca que Castell\u00f3 tanca 2024 amb les millors xifres d\u2019ocupaci\u00f3 en 17 anys i acusa el PP de \u201cvendre ru\u00efna per a atacar el Govern perqu\u00e8 li rebenten les dades\u201d"},"content":{"rendered":"\n<p>El secretari general del PSPV de Castell\u00f3, Samuel Falomir, ha valorat aquest dimecres les dades d\u2019ocupaci\u00f3 de l\u2019EPA al tancament de 2024, que situen la prov\u00edncia amb 227.700 persones ocupades, \u201cla millor xifra dels \u00faltims 17 anys, des que va esclatar la crisi immobili\u00e0ria\u201d. Segons ha destacat, nom\u00e9s en l\u2019\u00faltim any s\u2019han generat m\u00e9s de 30.000 llocs de treball, la qual cosa reflecteix que les pol\u00edtiques econ\u00f2miques impulsades pel Govern d\u2019Espanya \u201cvan pel bon cam\u00ed\u201d.<br><br>Falomir ha recordat que Castell\u00f3 va arribar a tindre m\u00e9s d\u2019un 25% d\u2019atur fa una d\u00e8cada en gran mesura \u201cper la barra lliure i l\u2019especulaci\u00f3 urban\u00edstica que va encoratjar el PP i pel nul suport a la cer\u00e0mica, a la qual va abandonar sense ajudes i va propiciar acomiadaments col\u00b7lectius amb una reforma laboral nociva per als treballadors\u201d. En aquest sentit, ha assenyalat que, encara que sempre hi ha marge de millora, les dades demostren que \u201cel Govern del PSOE ens porta pel bon cam\u00ed: hui hi ha menys de la meitat de l\u2019atur que van deixar Camps, Fabra i Rajoy, i la tend\u00e8ncia \u00e9s positiva amb un sector serveis i una ind\u00fastria en creixement i amb els drets laborals blindats\u201d.<br><br>A m\u00e9s a m\u00e9s, el l\u00edder socialista ha lamentat que en aquest avan\u00e7 en la creaci\u00f3 d\u2019ocupaci\u00f3, el Govern d\u2019Espanya continue sense comptar amb l\u2019aportaci\u00f3 de la Generalitat. \u201cCarlos Maz\u00f3n no agafa el pas ni amb un tambor\u201d. \u201cEst\u00e0 m\u00e9s pendent de salvar la seua vida pol\u00edtica que de dedicar-se al que de veritat importa, com impulsar pol\u00edtiques actives d\u2019ocupaci\u00f3\u201d, ha denunciat.<br><br><strong>Espanya, l\u00edder en creixement a Europa<br><\/strong>Falomir ha ressaltat el treball de l\u2019Executiu de Pedro S\u00e1nchez per a fer possible que Espanya passara de ser \u201cl\u2019\u00e0nec lleig d\u2019Europa\u201d a liderar el creixement econ\u00f2mic i d\u2019ocupaci\u00f3 al continent. \u201cA l\u2019oposici\u00f3 li rebenten les dades, per aix\u00f2 s\u00f3n incapa\u00e7os de recon\u00e9ixer-los i es limiten a llan\u00e7ar missatges de catastrofisme\u201d.<br><br>\u201cUna vegada m\u00e9s, les xifres oficials desmenteixen els auguris de la dreta. Mentre el PP nom\u00e9s ven ru\u00efna per atacar el Govern de la manera que siga, la realitat \u00e9s que Espanya i Castell\u00f3 avancen amb el PSOE\u201d, ha sentenciat. \u201cI continuarem defensant pol\u00edtiques que impulsen l\u2019ocupaci\u00f3 estable i de qualitat fins a aconseguir la meta de la plena ocupaci\u00f3\u201d.<\/p>\n","protected":false},"excerpt":{"rendered":"<p>El secretari general del PSPV de Castell\u00f3, Samuel Falomir, ha valorat aquest dimecres les dades d\u2019ocupaci\u00f3 de l\u2019EPA al tancament de 2024, que situen la prov\u00edncia amb 227.700 persones ocupades, \u201cla millor xifra dels \u00faltims 17 anys, des que va esclatar la crisi immobili\u00e0ria\u201d. Segons ha destacat, nom\u00e9s en l\u2019\u00faltim any s\u2019han generat m\u00e9s de &#8230; <a title=\"Falomir destaca que Castell\u00f3 tanca 2024 amb les millors xifres d\u2019ocupaci\u00f3 en 17 anys i acusa el PP de \u201cvendre ru\u00efna per a atacar el Govern perqu\u00e8 li rebenten les dades\u201d\" class=\"read-more\" href=\"https:\/\/elcafedepipa.com\/index.php\/2025\/01\/29\/falomir-destaca-que-castello-tanca-2024-amb-les-millors-xifres-docupacio-en-17-anys-i-acusa-el-pp-de-vendre-ruina-per-a-atacar-el-govern-perque-li-rebenten-les-dades\/\" aria-label=\"M\u00e9s informaci\u00f3 sobre Falomir destaca que Castell\u00f3 tanca 2024 amb les millors xifres d\u2019ocupaci\u00f3 en 17 anys i acusa el PP de \u201cvendre ru\u00efna per a atacar el Govern perqu\u00e8 li rebenten les dades\u201d\">Read more<\/a><\/p>\n","protected":false},"author":2,"featured_media":10316,"comment_status":"closed","ping_status":"closed","sticky":false,"template":"","format":"standard","meta":{"om_disable_all_campaigns":false,"_monsterinsights_skip_tracking":false,"_monsterinsights_sitenote_active":false,"_monsterinsights_sitenote_note":"","_monsterinsights_sitenote_category":0,"_uf_show_specific_survey":0,"_uf_disable_surveys":false,"footnotes":""},"categories":[10],"tags":[],"class_list":["post-10315","post","type-post","status-publish","format-standard","has-post-thumbnail","hentry","category-provinciadecastello"],"_links":{"self":[{"href":"https:\/\/elcafedepipa.com\/index.php\/wp-json\/wp\/v2\/posts\/10315","targetHints":{"allow":["GET"]}}],"collection":[{"href":"https:\/\/elcafedepipa.com\/index.php\/wp-json\/wp\/v2\/posts"}],"about":[{"href":"https:\/\/elcafedepipa.com\/index.php\/wp-json\/wp\/v2\/types\/post"}],"author":[{"embeddable":true,"href":"https:\/\/elcafedepipa.com\/index.php\/wp-json\/wp\/v2\/users\/2"}],"replies":[{"embeddable":true,"href":"https:\/\/elcafedepipa.com\/index.php\/wp-json\/wp\/v2\/comments?post=10315"}],"version-history":[{"count":0,"href":"https:\/\/elcafedepipa.com\/index.php\/wp-json\/wp\/v2\/posts\/10315\/revisions"}],"wp:featuredmedia":[{"embeddable":true,"href":"https:\/\/elcafedepipa.com\/index.php\/wp-json\/wp\/v2\/media\/10316"}],"wp:attachment":[{"href":"https:\/\/elcafedepipa.com\/index.php\/wp-json\/wp\/v2\/media?parent=10315"}],"wp:term":[{"taxonomy":"category","embeddable":true,"href":"https:\/\/elcafedepipa.com\/index.php\/wp-json\/wp\/v2\/categories?post=10315"},{"taxonomy":"post_tag","embeddable":true,"href":"https:\/\/elcafedepipa.com\/index.php\/wp-json\/wp\/v2\/tags?post=10315"}],"curies":[{"name":"wp","href":"https:\/\/api.w.org\/{rel}","templated":true}]}}