{"id":10288,"date":"2025-01-28T15:14:52","date_gmt":"2025-01-28T14:14:52","guid":{"rendered":"https:\/\/elcafedepipa.com\/?p=10288"},"modified":"2025-01-28T15:14:54","modified_gmt":"2025-01-28T14:14:54","slug":"lajuntament-de-la-vall-duixo-installara-150-nous-contenidors-marrons-amb-una-ajuda-europea","status":"publish","type":"post","link":"https:\/\/elcafedepipa.com\/index.php\/2025\/01\/28\/lajuntament-de-la-vall-duixo-installara-150-nous-contenidors-marrons-amb-una-ajuda-europea\/","title":{"rendered":"L&#8217;Ajuntament de la Vall d&#8217;Uix\u00f3 instal\u00b7lar\u00e0 150 nous contenidors marrons amb una ajuda europea"},"content":{"rendered":"\n<p><strong>La ciutat comptar\u00e0 les properes setmanes amb 281 unitats per separar la mat\u00e8ria org\u00e0nica i aix\u00ed reduir la quantitat d&#8217;escombraries que acaba a l&#8217;abocador<\/strong><\/p>\n\n\n\n<p>L&#8217;Ajuntament de la Vall d&#8217;Uix\u00f3 ha adquirit 150 contenidors nous marrons, amb l&#8217;objectiu de millorar les xifres de separaci\u00f3 de la mat\u00e8ria org\u00e0nica. En les properes setmanes s&#8217;instal\u00b7laran als carrers del municipi, acci\u00f3 que anir\u00e0 acompanyada d&#8217;una campanya per coresponsabilitzar la ciutadania a la gesti\u00f3 municipal dels residus.<\/p>\n\n\n\n<p>En aquest sentit, el regidor de Medi Ambient i Transici\u00f3 Ecol\u00f2gica, Marc Seguer, i el regidor de Serveis Urbans, Fernando Dar\u00f2s, han explicat que entre el 50 i el 60% de la borsa de fem \u00e9s mat\u00e8ria org\u00e0nica. \u201c\u00c9s la que m\u00e9s pesa i com que \u00e9s un bioresidut es pot reaprofitar, reduint aix\u00ed la quantitat que acaba a l&#8217;abocador\u201d, han assenyalat.<\/p>\n\n\n\n<p>Aquest projecte per augmentar la separaci\u00f3 de la fracci\u00f3 org\u00e0nica \u00e9s finan\u00e7at per la Uni\u00f3 Europea \u2013 Next Generation EU, a trav\u00e9s del Pla de Recuperaci\u00f3, Transformaci\u00f3 i Resili\u00e8ncia del Govern d&#8217;Espanya. La inversi\u00f3 \u00e9s de 117.190,85 euros, dels quals els fons europeus aporten el 70% (82.033,60 euros) i la resta, l&#8217;Ajuntament.<\/p>\n\n\n\n<p>A m\u00e9s de la compra dels contenidors, es contemplen diverses accions de comunicaci\u00f3 per \u201cdonar als ve\u00efns i ve\u00efnes eines de canvi d&#8217;h\u00e0bits en la gesti\u00f3 dels seus residus\u201d. Aix\u00ed, es faran xerrades als centres socials dels barris entre el 5 de febrer i el 3 de mar\u00e7. Tamb\u00e9 es repartiran guies i imants i es contractaran durant dos mesos dos educadors ambientals per informar porta a porta la ciutadania.<\/p>\n\n\n\n<p>La legislatura passada es va implantar el contenidor marr\u00f3 a la Vall d\u2019Uix\u00f3, amb 131 unitats a les quals ara se sumaran aquestes noves 150. En total hi haur\u00e0 281 contenidors de mat\u00e8ria org\u00e0nica a la ciutat. A l&#8217;anterior fase &#8220;no vam poder posar-los en carrers estrets per la dificultat de passar a recollir-la, per\u00f2 ara hi haur\u00e0 contenidors especials per arribar tamb\u00e9 a aquestes zones i intentar acabar tot el poble&#8221;, han destacat.<\/p>\n\n\n\n<p>Els edils han apel\u00b7lat \u201ca l&#8217;esfor\u00e7 de tots i totes per reciclar m\u00e9s, reciclar millor i ajudar el medi ambient i l&#8217;economia local, perqu\u00e8 si separem m\u00e9s i millor el servei de gesti\u00f3 de residus ens costar\u00e0 menys\u201d. D&#8217;aquesta manera, en reduir-se la quantitat d&#8217;escombraries que arriba a l&#8217;abocador tamb\u00e9 es redueix el cost municipal \u201ci pagarem menys al rebut\u201d.<\/p>\n","protected":false},"excerpt":{"rendered":"<p>La ciutat comptar\u00e0 les properes setmanes amb 281 unitats per separar la mat\u00e8ria org\u00e0nica i aix\u00ed reduir la quantitat d&#8217;escombraries que acaba a l&#8217;abocador L&#8217;Ajuntament de la Vall d&#8217;Uix\u00f3 ha adquirit 150 contenidors nous marrons, amb l&#8217;objectiu de millorar les xifres de separaci\u00f3 de la mat\u00e8ria org\u00e0nica. En les properes setmanes s&#8217;instal\u00b7laran als carrers del &#8230; <a title=\"L&#8217;Ajuntament de la Vall d&#8217;Uix\u00f3 instal\u00b7lar\u00e0 150 nous contenidors marrons amb una ajuda europea\" class=\"read-more\" href=\"https:\/\/elcafedepipa.com\/index.php\/2025\/01\/28\/lajuntament-de-la-vall-duixo-installara-150-nous-contenidors-marrons-amb-una-ajuda-europea\/\" aria-label=\"M\u00e9s informaci\u00f3 sobre L&#8217;Ajuntament de la Vall d&#8217;Uix\u00f3 instal\u00b7lar\u00e0 150 nous contenidors marrons amb una ajuda europea\">Read more<\/a><\/p>\n","protected":false},"author":2,"featured_media":10289,"comment_status":"closed","ping_status":"closed","sticky":false,"template":"","format":"standard","meta":{"om_disable_all_campaigns":false,"_monsterinsights_skip_tracking":false,"_monsterinsights_sitenote_active":false,"_monsterinsights_sitenote_note":"","_monsterinsights_sitenote_category":0,"_uf_show_specific_survey":0,"_uf_disable_surveys":false,"footnotes":""},"categories":[1],"tags":[],"class_list":["post-10288","post","type-post","status-publish","format-standard","has-post-thumbnail","hentry","category-non-classe"],"_links":{"self":[{"href":"https:\/\/elcafedepipa.com\/index.php\/wp-json\/wp\/v2\/posts\/10288","targetHints":{"allow":["GET"]}}],"collection":[{"href":"https:\/\/elcafedepipa.com\/index.php\/wp-json\/wp\/v2\/posts"}],"about":[{"href":"https:\/\/elcafedepipa.com\/index.php\/wp-json\/wp\/v2\/types\/post"}],"author":[{"embeddable":true,"href":"https:\/\/elcafedepipa.com\/index.php\/wp-json\/wp\/v2\/users\/2"}],"replies":[{"embeddable":true,"href":"https:\/\/elcafedepipa.com\/index.php\/wp-json\/wp\/v2\/comments?post=10288"}],"version-history":[{"count":0,"href":"https:\/\/elcafedepipa.com\/index.php\/wp-json\/wp\/v2\/posts\/10288\/revisions"}],"wp:featuredmedia":[{"embeddable":true,"href":"https:\/\/elcafedepipa.com\/index.php\/wp-json\/wp\/v2\/media\/10289"}],"wp:attachment":[{"href":"https:\/\/elcafedepipa.com\/index.php\/wp-json\/wp\/v2\/media?parent=10288"}],"wp:term":[{"taxonomy":"category","embeddable":true,"href":"https:\/\/elcafedepipa.com\/index.php\/wp-json\/wp\/v2\/categories?post=10288"},{"taxonomy":"post_tag","embeddable":true,"href":"https:\/\/elcafedepipa.com\/index.php\/wp-json\/wp\/v2\/tags?post=10288"}],"curies":[{"name":"wp","href":"https:\/\/api.w.org\/{rel}","templated":true}]}}