{"id":10267,"date":"2025-01-28T14:41:53","date_gmt":"2025-01-28T13:41:53","guid":{"rendered":"https:\/\/elcafedepipa.com\/?p=10267"},"modified":"2025-01-28T14:42:22","modified_gmt":"2025-01-28T13:42:22","slug":"marta-barrachina-reclama-la-defensa-de-la-provincia-afirmant-que-el-psoe-castiga-sense-ajudes-despres-de-la-dana-amb-enderrocaments-en-la-costa-i-retallades-a-la-pesca","status":"publish","type":"post","link":"https:\/\/elcafedepipa.com\/index.php\/2025\/01\/28\/marta-barrachina-reclama-la-defensa-de-la-provincia-afirmant-que-el-psoe-castiga-sense-ajudes-despres-de-la-dana-amb-enderrocaments-en-la-costa-i-retallades-a-la-pesca\/","title":{"rendered":"Marta Barrachina reclama la defensa de la prov\u00edncia afirmant que &#8220;el PSOE castiga sense ajudes despr\u00e9s de la dana, amb enderrocaments en la costa i retallades a la pesca&#8221;\u00a0\u00a0\u00a0"},"content":{"rendered":"\n<p><strong> <\/strong>&#8220;Exigir al Govern d&#8217;Espanya que complisca les seues obligacions no \u00e9s un capritx, \u00e9s un dret individual de cada ciutad\u00e0 que nom\u00e9s el PP lidera en esta prov\u00edncia&#8221;. La presidenta provincial del PCS, Marta Barrachina, ha presentat en Almassora els seus arguments per a &#8220;plantar cara&#8221; al &#8220;menyspreu&#8221; que el PSOE exercix des de Madrid i replica des de Castell\u00f3&#8221;. &#8220;El socialisme ens nega ajudes per a recuperar els nostres pobles despr\u00e9s de la dana, pret\u00e9n reduir a ru\u00efnes el patrimoni singular de les nostres costes i vol ofegar a un sector vertebral de la nostra economia: la pesca. I no ho permetrem perqu\u00e8 cada militant \u00e9s un ariet contra esta injust\u00edcia&#8221;.<\/p>\n\n\n\n<p>La m\u00e0xima autoritat del PP de la prov\u00edncia ha presentat a la seua junta directiva les l\u00ednies d&#8217;acci\u00f3 pol\u00edtica que &#8220;defenguen drets enfront dels qui desitgen calcigar-los&#8221;. &#8220;Perqu\u00e8 per a aix\u00f2 ens han triat els ciutadans, per a treballar pels seus interessos, garantir els seus drets i assegurar oportunitats que els atorguen qualitat de vida i benestar&#8221;.<\/p>\n\n\n\n<p>&#8220;Hui assistim a un bombardeig per part del socialisme a les fortaleses de la nostra prov\u00edncia. Ens neguen les ajudes p\u00fabliques convocades per a municipis danyats per la dana mentres el Consell i Diputaci\u00f3 han desemborsat 12,4 milions d&#8217;euros per a garantir la recuperaci\u00f3 del territori&#8221;, ha exposat Marta Barrachina. &#8220;Hem presentat una iniciativa que arribar\u00e0 a tots els ajuntaments afectats per a exigir al Govern d&#8217;Espanya que estiga a l&#8217;altura de l&#8217;esdevingut i ajude a la nostra prov\u00edncia&#8221;.<\/p>\n\n\n\n<p>En l&#8217;\u00e0mbit litoral, &#8220;el patrimoni que generaci\u00f3 rere generaci\u00f3 s&#8217;ha protegit enfront de la regressi\u00f3 \u00e9s ara objecte d&#8217;enderrocament per part del PSOE&#8221;. &#8220;Els ve\u00efns de Torre de la Sal, com els ciutadans de Nules, Almenara, Moncofa, Xilxes i La Llosa, saben que hem actuat a tots els nivells. Des del provincial, amb un acord promogut en Diputaci\u00f3, a l&#8217;auton\u00f2mic, amb l&#8217;elaboraci\u00f3 de la llei valenciana de costes, i a nivell estatal, amb un acord al Senat que el PSOE i Comprom\u00eds (membre de Sumar) bloquegen en la Mesa del Congr\u00e9s\u201d. \u201cNo pararem fins a modificar una llei de costes obsoleta que exigix una revisi\u00f3 profunda que garantisca, entre altres q\u00fcestions, la protecci\u00f3 de vivendes singulars\u201d.<\/p>\n\n\n\n<p>Finalment, en la seua intervenci\u00f3 Marta Barrachina tamb\u00e9 ha posat de manifest la \u201cdesesperaci\u00f3\u201d del sector pesquer. \u201cEls centenars de castellonencs que cada dia es fan a la mar per a donar-nos un producte de primera qualitat es veuen amena\u00e7ats per un Govern d&#8217;Espanya que els retalla dies de faena portant-los a la ru\u00efna. Ning\u00fa voldr\u00e0 dedicar-se a la pesca amb condicions que nom\u00e9s generen p\u00e8rdues. Ens juguem el relleu generacional i els afectats parlen de la fi d&#8217;una activitat clau per a la nostra economia\u201d. \u201cLa seua veu ser\u00e0 la nostra com hem demostrat sempre\u201d, ha manifestat la presidenta provincial del PPCS.<\/p>\n\n\n\n<p><strong>La conniv\u00e8ncia del PSPV<\/strong><\/p>\n\n\n\n<p>La defensa \u201ca ultran\u00e7a\u201d del \u201cdret castellonenc\u201d per part del PPCS contrasta amb el \u201ccastic injust\u201d exercit pel PSOE a la prov\u00edncia. \u201cNi estan ni se&#8217;ls espera. I eixe silenci que traspua conniv\u00e8ncia ens fa mal\u201d.<\/p>\n\n\n\n<p>Per aix\u00f2, la l\u00edder provincial convida al PSPV a definir-se. \u201cHan de decidir si estan amb el seu messies o amb la seua terra. Nosaltres ho tenim clar. I el nostre treball no es desviar\u00e0 d&#8217;eixe objectiu que \u00e9s sempre Castell\u00f3\u201d, ha concl\u00f2s Marta Barrachina.<\/p>\n\n\n\n<p><\/p>\n","protected":false},"excerpt":{"rendered":"<p>&#8220;Exigir al Govern d&#8217;Espanya que complisca les seues obligacions no \u00e9s un capritx, \u00e9s un dret individual de cada ciutad\u00e0 que nom\u00e9s el PP lidera en esta prov\u00edncia&#8221;. La presidenta provincial del PCS, Marta Barrachina, ha presentat en Almassora els seus arguments per a &#8220;plantar cara&#8221; al &#8220;menyspreu&#8221; que el PSOE exercix des de Madrid &#8230; <a title=\"Marta Barrachina reclama la defensa de la prov\u00edncia afirmant que &#8220;el PSOE castiga sense ajudes despr\u00e9s de la dana, amb enderrocaments en la costa i retallades a la pesca&#8221;\u00a0\u00a0\u00a0\" class=\"read-more\" href=\"https:\/\/elcafedepipa.com\/index.php\/2025\/01\/28\/marta-barrachina-reclama-la-defensa-de-la-provincia-afirmant-que-el-psoe-castiga-sense-ajudes-despres-de-la-dana-amb-enderrocaments-en-la-costa-i-retallades-a-la-pesca\/\" aria-label=\"M\u00e9s informaci\u00f3 sobre Marta Barrachina reclama la defensa de la prov\u00edncia afirmant que &#8220;el PSOE castiga sense ajudes despr\u00e9s de la dana, amb enderrocaments en la costa i retallades a la pesca&#8221;\u00a0\u00a0\u00a0\">Read more<\/a><\/p>\n","protected":false},"author":2,"featured_media":10268,"comment_status":"closed","ping_status":"open","sticky":false,"template":"","format":"standard","meta":{"om_disable_all_campaigns":false,"_monsterinsights_skip_tracking":false,"_monsterinsights_sitenote_active":false,"_monsterinsights_sitenote_note":"","_monsterinsights_sitenote_category":0,"_uf_show_specific_survey":0,"_uf_disable_surveys":false,"footnotes":""},"categories":[10],"tags":[],"class_list":["post-10267","post","type-post","status-publish","format-standard","has-post-thumbnail","hentry","category-provinciadecastello"],"_links":{"self":[{"href":"https:\/\/elcafedepipa.com\/index.php\/wp-json\/wp\/v2\/posts\/10267","targetHints":{"allow":["GET"]}}],"collection":[{"href":"https:\/\/elcafedepipa.com\/index.php\/wp-json\/wp\/v2\/posts"}],"about":[{"href":"https:\/\/elcafedepipa.com\/index.php\/wp-json\/wp\/v2\/types\/post"}],"author":[{"embeddable":true,"href":"https:\/\/elcafedepipa.com\/index.php\/wp-json\/wp\/v2\/users\/2"}],"replies":[{"embeddable":true,"href":"https:\/\/elcafedepipa.com\/index.php\/wp-json\/wp\/v2\/comments?post=10267"}],"version-history":[{"count":0,"href":"https:\/\/elcafedepipa.com\/index.php\/wp-json\/wp\/v2\/posts\/10267\/revisions"}],"wp:featuredmedia":[{"embeddable":true,"href":"https:\/\/elcafedepipa.com\/index.php\/wp-json\/wp\/v2\/media\/10268"}],"wp:attachment":[{"href":"https:\/\/elcafedepipa.com\/index.php\/wp-json\/wp\/v2\/media?parent=10267"}],"wp:term":[{"taxonomy":"category","embeddable":true,"href":"https:\/\/elcafedepipa.com\/index.php\/wp-json\/wp\/v2\/categories?post=10267"},{"taxonomy":"post_tag","embeddable":true,"href":"https:\/\/elcafedepipa.com\/index.php\/wp-json\/wp\/v2\/tags?post=10267"}],"curies":[{"name":"wp","href":"https:\/\/api.w.org\/{rel}","templated":true}]}}