{"id":10231,"date":"2025-01-27T14:53:19","date_gmt":"2025-01-27T13:53:19","guid":{"rendered":"https:\/\/elcafedepipa.com\/?p=10231"},"modified":"2025-01-27T14:53:21","modified_gmt":"2025-01-27T13:53:21","slug":"nules-renova-els-membres-del-consell-local-de-comerc-hostaleria-i-empresa","status":"publish","type":"post","link":"https:\/\/elcafedepipa.com\/index.php\/2025\/01\/27\/nules-renova-els-membres-del-consell-local-de-comerc-hostaleria-i-empresa\/","title":{"rendered":"Nules renova els membres del Consell local de Comer\u00e7, Hostaleria i Empresa"},"content":{"rendered":"\n<p><strong>Es vol constituir una associaci\u00f3&nbsp; d\u2019empreses i comer\u00e7os de Nules<\/strong><\/p>\n\n\n\n<p>El Consell Local de Comer\u00e7, Hostaleria i Empresa s\u2019ha reunit hui per a renovar els seus membres, i planificar les accions que portar\u00e0 a terme al llarg d\u2019aquest any 2025.<\/p>\n\n\n\n<p>Aix\u00ed, aquest \u00f2rgan participatiu est\u00e0 presidit per l\u2019alcalde, David Garc\u00eda, i compta amb la regidora de Comer\u00e7, Gemma Carratal\u00e1, com a vicepresidenta, a m\u00e9s formem&nbsp; part del mateix un representant de cadascun dels grups municipals de la Corporaci\u00f3 Municipal, un representant de la Cambra de Comer\u00e7 de Castell\u00f3, un membre de l\u2019Associaci\u00f3 d\u2019Hostalers de Nules (Ashonul), un altre de l\u2019Associaci\u00f3 de Comer\u00e7os Zona Centre de Nules (CZN), un representant de les acad\u00e8mies de Nules, i un membre de l\u2019Associaci\u00f3 de Mestresses de Casa i Consumidores, a m\u00e9s del t\u00e8cnic municipal de l\u2019Ag\u00e8ncia de Desenvolupament Local (ADL) de l\u2019ajuntament.<\/p>\n\n\n\n<p>En concret, aquesta sessi\u00f3 ha comptat tamb\u00e9 amb la pres\u00e8ncia d\u2019un representant del Servei Territorial de Comer\u00e7 de Castell\u00f3, Jos\u00e9 Luis Guillam\u00f3n, a qui se li han traslladat diferents assumptes relacionats amb el comer\u00e7, hostaleria i sector empresarial del municipi. De manera que, entre d\u2019altres, s\u2019ha parlat de les gestions realitzades per a la constituci\u00f3 d\u2019una associaci\u00f3 d\u2019empreses i de comer\u00e7os de Nules.<\/p>\n\n\n\n<p>Tamb\u00e9 es va a treballar en l\u2019organitzaci\u00f3 de nous esdeveniments com ara una Gala d\u2019Empresa, i tamb\u00e9 es vol realitzar Desdejunis Empresarials. Al mateix temps que, se seguir\u00e0 celebrant durant l\u2019any diferents campanyes de dinamitzaci\u00f3 comercial, i la Ruta de la Tapa.&nbsp;&nbsp;&nbsp;<\/p>\n\n\n\n<p>En aquest sentit, l\u2019Alcalde, David Garc\u00eda, comenta que van a treballar en diferents campanyes que es posaran en marxa aquest any, \u201cseran campanyes que es&nbsp; portaran a terme al llarg d\u2019aquest any per a promocionar les compres al nostre municipi\u201d.<\/p>\n\n\n\n<p>La localitat de Nules compta des de l\u2019any 2021 amb un Consell Local de Comer\u00e7, Hostaleria i Empresa amb el qual es pret\u00e9n dinamitzar i promocionar els establiments de la poblaci\u00f3. No obstant aix\u00f2, el consell est\u00e0 obert a l\u2019adhesi\u00f3 de qualsevol associaci\u00f3 o entitat local relacionada amb aquests sectors que es puga constituir a Nules.<\/p>\n","protected":false},"excerpt":{"rendered":"<p>Es vol constituir una associaci\u00f3&nbsp; d\u2019empreses i comer\u00e7os de Nules El Consell Local de Comer\u00e7, Hostaleria i Empresa s\u2019ha reunit hui per a renovar els seus membres, i planificar les accions que portar\u00e0 a terme al llarg d\u2019aquest any 2025. Aix\u00ed, aquest \u00f2rgan participatiu est\u00e0 presidit per l\u2019alcalde, David Garc\u00eda, i compta amb la regidora &#8230; <a title=\"Nules renova els membres del Consell local de Comer\u00e7, Hostaleria i Empresa\" class=\"read-more\" href=\"https:\/\/elcafedepipa.com\/index.php\/2025\/01\/27\/nules-renova-els-membres-del-consell-local-de-comerc-hostaleria-i-empresa\/\" aria-label=\"M\u00e9s informaci\u00f3 sobre Nules renova els membres del Consell local de Comer\u00e7, Hostaleria i Empresa\">Read more<\/a><\/p>\n","protected":false},"author":2,"featured_media":10234,"comment_status":"closed","ping_status":"closed","sticky":false,"template":"","format":"standard","meta":{"om_disable_all_campaigns":false,"_monsterinsights_skip_tracking":false,"_monsterinsights_sitenote_active":false,"_monsterinsights_sitenote_note":"","_monsterinsights_sitenote_category":0,"_uf_show_specific_survey":0,"_uf_disable_surveys":false,"footnotes":""},"categories":[3],"tags":[],"class_list":["post-10231","post","type-post","status-publish","format-standard","has-post-thumbnail","hentry","category-nules"],"_links":{"self":[{"href":"https:\/\/elcafedepipa.com\/index.php\/wp-json\/wp\/v2\/posts\/10231","targetHints":{"allow":["GET"]}}],"collection":[{"href":"https:\/\/elcafedepipa.com\/index.php\/wp-json\/wp\/v2\/posts"}],"about":[{"href":"https:\/\/elcafedepipa.com\/index.php\/wp-json\/wp\/v2\/types\/post"}],"author":[{"embeddable":true,"href":"https:\/\/elcafedepipa.com\/index.php\/wp-json\/wp\/v2\/users\/2"}],"replies":[{"embeddable":true,"href":"https:\/\/elcafedepipa.com\/index.php\/wp-json\/wp\/v2\/comments?post=10231"}],"version-history":[{"count":0,"href":"https:\/\/elcafedepipa.com\/index.php\/wp-json\/wp\/v2\/posts\/10231\/revisions"}],"wp:featuredmedia":[{"embeddable":true,"href":"https:\/\/elcafedepipa.com\/index.php\/wp-json\/wp\/v2\/media\/10234"}],"wp:attachment":[{"href":"https:\/\/elcafedepipa.com\/index.php\/wp-json\/wp\/v2\/media?parent=10231"}],"wp:term":[{"taxonomy":"category","embeddable":true,"href":"https:\/\/elcafedepipa.com\/index.php\/wp-json\/wp\/v2\/categories?post=10231"},{"taxonomy":"post_tag","embeddable":true,"href":"https:\/\/elcafedepipa.com\/index.php\/wp-json\/wp\/v2\/tags?post=10231"}],"curies":[{"name":"wp","href":"https:\/\/api.w.org\/{rel}","templated":true}]}}