{"id":10223,"date":"2025-01-27T14:47:02","date_gmt":"2025-01-27T13:47:02","guid":{"rendered":"https:\/\/elcafedepipa.com\/?p=10223"},"modified":"2025-01-27T14:47:03","modified_gmt":"2025-01-27T13:47:03","slug":"musica-i-dansa-solidaria-per-lalbufera-de-valencia","status":"publish","type":"post","link":"https:\/\/elcafedepipa.com\/index.php\/2025\/01\/27\/musica-i-dansa-solidaria-per-lalbufera-de-valencia\/","title":{"rendered":"M\u00fasica i dansa solid\u00e0ria per l\u2019Albufera de Val\u00e8ncia"},"content":{"rendered":"\n<p>Quasi tres mesos despr\u00e9s de la DANA, l\u2019Albufera de Val\u00e8ncia continua agonitzant entre tota mena de residus que urgeix retirar. Des del dia 23 de novembre, volunt\u00e0ries de tot el m\u00f3n han decidit posar el seu granet d\u2019arena i participar en les tasques de neteja encetades al Parc Natural. Per la seua part, Acci\u00f3 Ecologista-Agr\u00f3 fins ara ha convocat m\u00e9s de 25 jornades de voluntariat a Catarroja i Massanassa que han congregat vora 600 persones.<\/p>\n\n\n\n<p>Agr\u00f3, a banda de cossiols, pneum\u00e0tics, roba, bombones de gas, medicaments, llaunes, electrodom\u00e8stics, i altres, s\u2019ha centrat en l\u2019eliminaci\u00f3 de pl\u00e0stics blans, durs i poliesp\u00e1n, dels quals han retirat del medi natural moltes tones. Fins a 2,5 tones de pl\u00e0stics mesclats amb fang s\u2019han portat a un gestor autoritzat de Beniparrell, perqu\u00e8 considerem que la seua gesti\u00f3 ha de ser responsable, i ha sigut possible gr\u00e0cies a l\u2019ajuda de la consultora Cocircular. La compra de materials per dur endavant esta feina, com botes d\u2019aigua, pinces i rastells per recollir els residus i aix\u00ed com el cost de la c\u00e0rrega i el transport dels mateixos fins al gestor, ha estat a c\u00e0rrec de la pr\u00f2pia entitat ecologista.<\/p>\n\n\n\n<p>Per tal de sufragar els costos, Acci\u00f3 Ecologista-Agr\u00f3 ha rebut una onada de solidaritat. Al mes de desembre l\u2019artista BeatNatura, va proposar a l\u2019entitat ecologista la venda d\u2019un calendari d\u2019aus de l\u2019Albufera de Val\u00e8nci\u200ba que ella mateixa havia dissenyat per tal de donar-li totes les aportacions recollides. Ara, M\u00fasica pel Clima ha organitzat un esdeveniment musical ben\u00e8fic de la m\u00e0 d\u2019altres col\u00b7lectius, la tercera ronda del Swing Pressing Catch, amb l\u2019objectiu de recaptar diners que li permeten a Agr\u00f3 assumir les despeses generades de les jornades de neteja que ha estat organitzant a l\u2019Albufera.<\/p>\n\n\n\n<p>Amb esta cita, que consistir\u00e0 en una batalla de bandes, es pret\u00e9n, a m\u00e9s a m\u00e9s, crear sinergies entre l\u2019escena del swing i l\u2019ecologisme, amb la m\u00fasica i el ball com a protagonistes. Els tres grups art\u00edstics que actuaran s\u00f3n: Combo Dixie Taller Sedajazz, Petit Comit\u00e9 i Hot Jazz Union. Per assistir a la tercera ronda del Swing Pressing Catch, que tindr\u00e0 lloc a la sala 2 de la F\u00e1brica de Hielo (C\/ de Pavia, 37, Poblats Mar\u00edtims, Val\u00e8ncia) des de les 12.00 hores fins a les 16.00 hores, cal comprar l\u2019entrada.<\/p>\n","protected":false},"excerpt":{"rendered":"<p>Quasi tres mesos despr\u00e9s de la DANA, l\u2019Albufera de Val\u00e8ncia continua agonitzant entre tota mena de residus que urgeix retirar. Des del dia 23 de novembre, volunt\u00e0ries de tot el m\u00f3n han decidit posar el seu granet d\u2019arena i participar en les tasques de neteja encetades al Parc Natural. Per la seua part, Acci\u00f3 Ecologista-Agr\u00f3 &#8230; <a title=\"M\u00fasica i dansa solid\u00e0ria per l\u2019Albufera de Val\u00e8ncia\" class=\"read-more\" href=\"https:\/\/elcafedepipa.com\/index.php\/2025\/01\/27\/musica-i-dansa-solidaria-per-lalbufera-de-valencia\/\" aria-label=\"M\u00e9s informaci\u00f3 sobre M\u00fasica i dansa solid\u00e0ria per l\u2019Albufera de Val\u00e8ncia\">Read more<\/a><\/p>\n","protected":false},"author":2,"featured_media":10224,"comment_status":"closed","ping_status":"closed","sticky":false,"template":"","format":"standard","meta":{"om_disable_all_campaigns":false,"_monsterinsights_skip_tracking":false,"_monsterinsights_sitenote_active":false,"_monsterinsights_sitenote_note":"","_monsterinsights_sitenote_category":0,"_uf_show_specific_survey":0,"_uf_disable_surveys":false,"footnotes":""},"categories":[11],"tags":[],"class_list":["post-10223","post","type-post","status-publish","format-standard","has-post-thumbnail","hentry","category-comunitatvalenciana"],"_links":{"self":[{"href":"https:\/\/elcafedepipa.com\/index.php\/wp-json\/wp\/v2\/posts\/10223","targetHints":{"allow":["GET"]}}],"collection":[{"href":"https:\/\/elcafedepipa.com\/index.php\/wp-json\/wp\/v2\/posts"}],"about":[{"href":"https:\/\/elcafedepipa.com\/index.php\/wp-json\/wp\/v2\/types\/post"}],"author":[{"embeddable":true,"href":"https:\/\/elcafedepipa.com\/index.php\/wp-json\/wp\/v2\/users\/2"}],"replies":[{"embeddable":true,"href":"https:\/\/elcafedepipa.com\/index.php\/wp-json\/wp\/v2\/comments?post=10223"}],"version-history":[{"count":0,"href":"https:\/\/elcafedepipa.com\/index.php\/wp-json\/wp\/v2\/posts\/10223\/revisions"}],"wp:featuredmedia":[{"embeddable":true,"href":"https:\/\/elcafedepipa.com\/index.php\/wp-json\/wp\/v2\/media\/10224"}],"wp:attachment":[{"href":"https:\/\/elcafedepipa.com\/index.php\/wp-json\/wp\/v2\/media?parent=10223"}],"wp:term":[{"taxonomy":"category","embeddable":true,"href":"https:\/\/elcafedepipa.com\/index.php\/wp-json\/wp\/v2\/categories?post=10223"},{"taxonomy":"post_tag","embeddable":true,"href":"https:\/\/elcafedepipa.com\/index.php\/wp-json\/wp\/v2\/tags?post=10223"}],"curies":[{"name":"wp","href":"https:\/\/api.w.org\/{rel}","templated":true}]}}