{"id":10200,"date":"2025-01-27T09:00:00","date_gmt":"2025-01-27T08:00:00","guid":{"rendered":"https:\/\/elcafedepipa.com\/?p=10200"},"modified":"2025-01-26T22:04:58","modified_gmt":"2025-01-26T21:04:58","slug":"el-pspv-exigeix-a-mazon-que-sen-vaja-despres-de-boicotejar-al-congres-larribada-de-milions-deuros-en-ajudes-als-municipis-afectats-per-la-dana","status":"publish","type":"post","link":"https:\/\/elcafedepipa.com\/index.php\/2025\/01\/27\/el-pspv-exigeix-a-mazon-que-sen-vaja-despres-de-boicotejar-al-congres-larribada-de-milions-deuros-en-ajudes-als-municipis-afectats-per-la-dana\/","title":{"rendered":"El PSPV exigeix a Maz\u00f3n \u201cque se\u2019n vaja\u201d despr\u00e9s de boicotejar al Congr\u00e9s l\u2019arribada de milions d\u2019euros en ajudes als municipis afectats per la DANA"},"content":{"rendered":"\n<p><br>El secretari general del PSPV-PSOE de Castell\u00f3, Samuel Falomir, ha reclamat a Carlos Maz\u00f3n \u201cque se\u2019n vaja\u201d despr\u00e9s d\u2019ordenar als diputats del PP al Congr\u00e9s votar en contra del paquet d\u2019ajudes als municipis afectats per la DANA. \u201cEl senyor Maz\u00f3n insisteix cada dia en demanar m\u00e9s recursos al Govern, per\u00f2, quan aplega l\u2019hora de la veritat, boicoteja des del Congr\u00e9s l\u2019arribada de milers de milions d\u2019euros que ajudarien els valencians i valencianes a eixir endavant. Aix\u00f2 n \u00e9s culpa de Pedro S\u00e1nchez, \u00e9s culpa dels qui voten en contra de la nostra terra\u201d, ha assenyalat.<\/p>\n\n\n\n<p>Falomir ha qualificat \u201cd\u2019indigne\u201d el president i ha subratllat que \u201cel PP ha perdut tota credibilitat i autoritat a exigir res si la seua \u00fanica preocupaci\u00f3 \u00e9s atacar el Govern a costa d\u2019afonar les fam\u00edlies, comerciants i ajuntaments que m\u00e9s suport necessiten en aquests moments\u201d. \u201cNo ten\u00edem prou amb un president \u2018noquejat\u2019 per a fer front a una DANA que ara hem d\u2019aguantar un president \u2018noquejat\u2019 per a dirigir la reconstrucci\u00f3\u201d.<\/p>\n\n\n\n<p>\u201cNegar les ajudes a Val\u00e8ncia \u00e9s inacceptable i una falta de respecte cap a qui ho ha perdut tot. El vot en contra del PP demostra que les seues paraules valen dos duros. Tot s\u2019hi val en la seua estrat\u00e8gia pol\u00edtica de debilitament del Govern, fins i tot pactar amb Puigdemont tombar les ajudes per a Val\u00e8ncia, la revaloritzaci\u00f3 de les pensions per als nostres majors i la renovaci\u00f3 de les bonificacions per l\u2019\u00fas del transport p\u00fablic\u201d. \u201cTot per pura estrat\u00e8gia i tacticisme pol\u00edtic\u201d, ha lamentat.<\/p>\n\n\n\n<p><strong>Un president m\u00e9s preocupat per sobreviure que pels valencians<\/strong><br>Falomir ha assegurat que el Govern d\u2019Espanya \u201cest\u00e0 sol\u201d en la faena de la reconstrucci\u00f3 \u201cperqu\u00e8 davant tenim un PP i un cap del Consell m\u00e9s preocupats per la seua superviv\u00e8ncia pol\u00edtica que per retornar la normalitat a les zones arrasades per la barrancada\u201d. \u201cMentre l\u2019executiu central treballa en la reconstrucci\u00f3 i prepara nous paquets d\u2019ajudes perqu\u00e8 l\u2019Horta, la Ribera i la Plana d\u2019Utiel-Requena resurgisquen, Maz\u00f3n utilitza el flotador de la mentida i els \u2018bulos\u2019 per a desviar l\u2019atenci\u00f3 i amagar la seua incompet\u00e8ncia i l\u2019infame dinar que el va \u2018ocupar\u2019 durant hores mentre centenars de valencians i valencianes s\u2019ofegaven\u201d.<\/p>\n\n\n\n<p>El representant socialista ha exigit a Maz\u00f3n que abandone la Generalitat \u201cperqu\u00e8 els valencians no volem ni necessitem un president noquejat, incapa\u00e7 de defensar els interessos del nostre territori i que posa els interessos pol\u00edtics per damunt de les necessitats del poble valenci\u00e0\u201d.<\/p>\n","protected":false},"excerpt":{"rendered":"<p>El secretari general del PSPV-PSOE de Castell\u00f3, Samuel Falomir, ha reclamat a Carlos Maz\u00f3n \u201cque se\u2019n vaja\u201d despr\u00e9s d\u2019ordenar als diputats del PP al Congr\u00e9s votar en contra del paquet d\u2019ajudes als municipis afectats per la DANA. \u201cEl senyor Maz\u00f3n insisteix cada dia en demanar m\u00e9s recursos al Govern, per\u00f2, quan aplega l\u2019hora de la &#8230; <a title=\"El PSPV exigeix a Maz\u00f3n \u201cque se\u2019n vaja\u201d despr\u00e9s de boicotejar al Congr\u00e9s l\u2019arribada de milions d\u2019euros en ajudes als municipis afectats per la DANA\" class=\"read-more\" href=\"https:\/\/elcafedepipa.com\/index.php\/2025\/01\/27\/el-pspv-exigeix-a-mazon-que-sen-vaja-despres-de-boicotejar-al-congres-larribada-de-milions-deuros-en-ajudes-als-municipis-afectats-per-la-dana\/\" aria-label=\"M\u00e9s informaci\u00f3 sobre El PSPV exigeix a Maz\u00f3n \u201cque se\u2019n vaja\u201d despr\u00e9s de boicotejar al Congr\u00e9s l\u2019arribada de milions d\u2019euros en ajudes als municipis afectats per la DANA\">Read more<\/a><\/p>\n","protected":false},"author":2,"featured_media":10201,"comment_status":"closed","ping_status":"closed","sticky":false,"template":"","format":"standard","meta":{"om_disable_all_campaigns":false,"_monsterinsights_skip_tracking":false,"_monsterinsights_sitenote_active":false,"_monsterinsights_sitenote_note":"","_monsterinsights_sitenote_category":0,"_uf_show_specific_survey":0,"_uf_disable_surveys":false,"footnotes":""},"categories":[10],"tags":[],"class_list":["post-10200","post","type-post","status-publish","format-standard","has-post-thumbnail","hentry","category-provinciadecastello"],"_links":{"self":[{"href":"https:\/\/elcafedepipa.com\/index.php\/wp-json\/wp\/v2\/posts\/10200","targetHints":{"allow":["GET"]}}],"collection":[{"href":"https:\/\/elcafedepipa.com\/index.php\/wp-json\/wp\/v2\/posts"}],"about":[{"href":"https:\/\/elcafedepipa.com\/index.php\/wp-json\/wp\/v2\/types\/post"}],"author":[{"embeddable":true,"href":"https:\/\/elcafedepipa.com\/index.php\/wp-json\/wp\/v2\/users\/2"}],"replies":[{"embeddable":true,"href":"https:\/\/elcafedepipa.com\/index.php\/wp-json\/wp\/v2\/comments?post=10200"}],"version-history":[{"count":0,"href":"https:\/\/elcafedepipa.com\/index.php\/wp-json\/wp\/v2\/posts\/10200\/revisions"}],"wp:featuredmedia":[{"embeddable":true,"href":"https:\/\/elcafedepipa.com\/index.php\/wp-json\/wp\/v2\/media\/10201"}],"wp:attachment":[{"href":"https:\/\/elcafedepipa.com\/index.php\/wp-json\/wp\/v2\/media?parent=10200"}],"wp:term":[{"taxonomy":"category","embeddable":true,"href":"https:\/\/elcafedepipa.com\/index.php\/wp-json\/wp\/v2\/categories?post=10200"},{"taxonomy":"post_tag","embeddable":true,"href":"https:\/\/elcafedepipa.com\/index.php\/wp-json\/wp\/v2\/tags?post=10200"}],"curies":[{"name":"wp","href":"https:\/\/api.w.org\/{rel}","templated":true}]}}