{"id":10166,"date":"2025-01-24T22:58:32","date_gmt":"2025-01-24T21:58:32","guid":{"rendered":"https:\/\/elcafedepipa.com\/?p=10166"},"modified":"2025-01-24T23:11:59","modified_gmt":"2025-01-24T22:11:59","slug":"la-vall-duixo-presenta-un-singing-de-10-la-promocio-turistica-continua-el-cap-de-setmana","status":"publish","type":"post","link":"https:\/\/elcafedepipa.com\/index.php\/2025\/01\/24\/la-vall-duixo-presenta-un-singing-de-10-la-promocio-turistica-continua-el-cap-de-setmana\/","title":{"rendered":"La Vall d&#8217;Uix\u00f3 presenta un Singing de &#8220;10&#8221;. La promoci\u00f3 tur\u00edstica continua el cap de setmana."},"content":{"rendered":"\n<p>Nou stand, nous fulletons i guies, l&#8217;avan\u00e7 del que ser\u00e0 la d\u00e8cima edici\u00f3 del Singing in the Cave amb la pres\u00e8ncia de Blanca Paloma, que junt a Jero Romero s\u00f3n les dos actuacions ja confirmades. La Vall no ha escatimat recursos ni il\u00b7lusi\u00f3 en la promoci\u00f3 tur\u00edstica de la ciutat, tot i que consideren aquest FITUR com de transici\u00f3 perqu\u00e8 la gran aposta arribar\u00e0 l&#8217;any que ve en projectes ja realitzats que seguiran cosint el relat tur\u00edstic i hist\u00f2ric-cultural d&#8217;ample en ample del municipi.<\/p>\n\n\n\n<p>Com a novetat enguany, la representaci\u00f3 vallera encap\u00e7alada pel Conseller Delegat d&#8217;Emsevall i regidor de Turisme, Javier Ferreres, amplia la seua estada en FITUR al cap de setmana, una volta finalitzada la part de la fira dedicada al sector professional, i on se podr\u00e0 atendre de manera m\u00e9s personalitzada tant a particulars, turistes i tamb\u00e9 curiosos&#8230;<\/p>\n\n\n\n<p>Del 2025 s&#8217;espera molt de la Vall a nivell tur\u00edstic, i les actuacions que venen fent-se des de fa temps per\u00f2 especialment de dos anys cap ac\u00ed presagien una temporada de nous r\u00e8cords, tot i que l&#8217;aflu\u00e8ncia a les Coves ha ficat el llist\u00f3 molt alt.<\/p>\n\n\n\n<figure class=\"wp-block-video\"><video height=\"480\" style=\"aspect-ratio: 848 \/ 480;\" width=\"848\" controls src=\"https:\/\/elcafedepipa.com\/wp-content\/uploads\/2025\/01\/blancapaloma.mp4\"><\/video><\/figure>\n\n\n\n<figure class=\"wp-block-image size-large\"><img fetchpriority=\"high\" decoding=\"async\" width=\"1024\" height=\"768\" src=\"https:\/\/elcafedepipa.com\/wp-content\/uploads\/2025\/01\/f1-1024x768.jpeg\" alt=\"\" class=\"wp-image-10168\" srcset=\"https:\/\/elcafedepipa.com\/wp-content\/uploads\/2025\/01\/f1-1024x768.jpeg 1024w, https:\/\/elcafedepipa.com\/wp-content\/uploads\/2025\/01\/f1-300x225.jpeg 300w, https:\/\/elcafedepipa.com\/wp-content\/uploads\/2025\/01\/f1-768x576.jpeg 768w, https:\/\/elcafedepipa.com\/wp-content\/uploads\/2025\/01\/f1-1536x1152.jpeg 1536w, https:\/\/elcafedepipa.com\/wp-content\/uploads\/2025\/01\/f1.jpeg 2048w\" sizes=\"(max-width: 1024px) 100vw, 1024px\" \/><\/figure>\n\n\n\n<figure class=\"wp-block-image size-large\"><img decoding=\"async\" width=\"1024\" height=\"768\" src=\"https:\/\/elcafedepipa.com\/wp-content\/uploads\/2025\/01\/f2-1024x768.jpeg\" alt=\"\" class=\"wp-image-10169\" srcset=\"https:\/\/elcafedepipa.com\/wp-content\/uploads\/2025\/01\/f2-1024x768.jpeg 1024w, https:\/\/elcafedepipa.com\/wp-content\/uploads\/2025\/01\/f2-300x225.jpeg 300w, https:\/\/elcafedepipa.com\/wp-content\/uploads\/2025\/01\/f2-768x576.jpeg 768w, https:\/\/elcafedepipa.com\/wp-content\/uploads\/2025\/01\/f2-1536x1152.jpeg 1536w, https:\/\/elcafedepipa.com\/wp-content\/uploads\/2025\/01\/f2.jpeg 2048w\" sizes=\"(max-width: 1024px) 100vw, 1024px\" \/><\/figure>\n\n\n\n<figure class=\"wp-block-image size-large\"><img decoding=\"async\" width=\"1024\" height=\"768\" src=\"https:\/\/elcafedepipa.com\/wp-content\/uploads\/2025\/01\/f3-1024x768.jpeg\" alt=\"\" class=\"wp-image-10170\" srcset=\"https:\/\/elcafedepipa.com\/wp-content\/uploads\/2025\/01\/f3-1024x768.jpeg 1024w, https:\/\/elcafedepipa.com\/wp-content\/uploads\/2025\/01\/f3-300x225.jpeg 300w, https:\/\/elcafedepipa.com\/wp-content\/uploads\/2025\/01\/f3-768x576.jpeg 768w, https:\/\/elcafedepipa.com\/wp-content\/uploads\/2025\/01\/f3-1536x1152.jpeg 1536w, https:\/\/elcafedepipa.com\/wp-content\/uploads\/2025\/01\/f3.jpeg 2048w\" sizes=\"(max-width: 1024px) 100vw, 1024px\" \/><\/figure>\n","protected":false},"excerpt":{"rendered":"<p>Nou stand, nous fulletons i guies, l&#8217;avan\u00e7 del que ser\u00e0 la d\u00e8cima edici\u00f3 del Singing in the Cave amb la pres\u00e8ncia de Blanca Paloma, que junt a Jero Romero s\u00f3n les dos actuacions ja confirmades. La Vall no ha escatimat recursos ni il\u00b7lusi\u00f3 en la promoci\u00f3 tur\u00edstica de la ciutat, tot i que consideren aquest &#8230; <a title=\"La Vall d&#8217;Uix\u00f3 presenta un Singing de &#8220;10&#8221;. La promoci\u00f3 tur\u00edstica continua el cap de setmana.\" class=\"read-more\" href=\"https:\/\/elcafedepipa.com\/index.php\/2025\/01\/24\/la-vall-duixo-presenta-un-singing-de-10-la-promocio-turistica-continua-el-cap-de-setmana\/\" aria-label=\"M\u00e9s informaci\u00f3 sobre La Vall d&#8217;Uix\u00f3 presenta un Singing de &#8220;10&#8221;. La promoci\u00f3 tur\u00edstica continua el cap de setmana.\">Read more<\/a><\/p>\n","protected":false},"author":2,"featured_media":10171,"comment_status":"closed","ping_status":"closed","sticky":false,"template":"","format":"standard","meta":{"om_disable_all_campaigns":false,"_monsterinsights_skip_tracking":false,"_monsterinsights_sitenote_active":false,"_monsterinsights_sitenote_note":"","_monsterinsights_sitenote_category":0,"_uf_show_specific_survey":0,"_uf_disable_surveys":false,"footnotes":""},"categories":[1],"tags":[],"class_list":["post-10166","post","type-post","status-publish","format-standard","has-post-thumbnail","hentry","category-non-classe"],"_links":{"self":[{"href":"https:\/\/elcafedepipa.com\/index.php\/wp-json\/wp\/v2\/posts\/10166","targetHints":{"allow":["GET"]}}],"collection":[{"href":"https:\/\/elcafedepipa.com\/index.php\/wp-json\/wp\/v2\/posts"}],"about":[{"href":"https:\/\/elcafedepipa.com\/index.php\/wp-json\/wp\/v2\/types\/post"}],"author":[{"embeddable":true,"href":"https:\/\/elcafedepipa.com\/index.php\/wp-json\/wp\/v2\/users\/2"}],"replies":[{"embeddable":true,"href":"https:\/\/elcafedepipa.com\/index.php\/wp-json\/wp\/v2\/comments?post=10166"}],"version-history":[{"count":0,"href":"https:\/\/elcafedepipa.com\/index.php\/wp-json\/wp\/v2\/posts\/10166\/revisions"}],"wp:featuredmedia":[{"embeddable":true,"href":"https:\/\/elcafedepipa.com\/index.php\/wp-json\/wp\/v2\/media\/10171"}],"wp:attachment":[{"href":"https:\/\/elcafedepipa.com\/index.php\/wp-json\/wp\/v2\/media?parent=10166"}],"wp:term":[{"taxonomy":"category","embeddable":true,"href":"https:\/\/elcafedepipa.com\/index.php\/wp-json\/wp\/v2\/categories?post=10166"},{"taxonomy":"post_tag","embeddable":true,"href":"https:\/\/elcafedepipa.com\/index.php\/wp-json\/wp\/v2\/tags?post=10166"}],"curies":[{"name":"wp","href":"https:\/\/api.w.org\/{rel}","templated":true}]}}