{"id":10163,"date":"2025-01-24T15:14:42","date_gmt":"2025-01-24T14:14:42","guid":{"rendered":"https:\/\/elcafedepipa.com\/?p=10163"},"modified":"2025-01-24T15:14:43","modified_gmt":"2025-01-24T14:14:43","slug":"lajuntament-de-la-vall-duixo-presenta-la-programacio-cultura-per-la-pau-2025","status":"publish","type":"post","link":"https:\/\/elcafedepipa.com\/index.php\/2025\/01\/24\/lajuntament-de-la-vall-duixo-presenta-la-programacio-cultura-per-la-pau-2025\/","title":{"rendered":"L&#8217;Ajuntament de la Vall d&#8217;Uix\u00f3 presenta la programaci\u00f3 &#8216;Cultura per la pau 2025&#8217;"},"content":{"rendered":"\n<p><strong>La setmana que ve se celebren els actes principals, amb protagonisme per al llegat de Vicent Mart\u00ednez Guzm\u00e1n i per als nens i nenes<\/strong><\/p>\n\n\n\n<p>L&#8217;Ajuntament de la Vall d&#8217;Uix\u00f3 ha presentat la programaci\u00f3 &#8216;Cultura per la pau 2025&#8217;, que t\u00e9 com a objectiu enfortir la cultura de la pau que va n\u00e9ixer a la ciutat amb la figura de Vicent Mart\u00ednez Guzm\u00e1n, a qui tamb\u00e9 ret homenatge aquesta edici\u00f3 . La setmana que ve se celebraran els actes principals, que es completen amb altres activitats culturals, socials i educatives obertes a tota la ciutadania.<\/p>\n\n\n\n<p>El dilluns 27 de gener a les 18.00 hores a la Biblioteca Municipal tindr\u00e0 lloc la taula rodona \u201cVicent Mart\u00ednez Guzm\u00e1n: llavors de pensament del seu llegat a trav\u00e9s de la filosofia per fer les paus\u201d. I el dimarts 28, a la mateixa hora i al mateix espai, es realitzar\u00e0 una altra taula rodona: &#8216;Paraules de pau, trobada de religions&#8217;.<\/p>\n\n\n\n<p>Els nens i nenes seran els protagonistes en la celebraci\u00f3 del dia escolar de la no-viol\u00e8ncia i la pau, ja que els col\u00b7legis es reuniran a les 10.30 hores a l&#8217;estaci\u00f3 d&#8217;autobusos el dijous 30 de gener, on llegiran i penjaran missatges al arbre de la pau i es far\u00e0 una lectura teatralitzada del c\u00f2mic de Vicent Mart\u00ednez Guzm\u00e1n. El divendres 31, a les 18.30 hores a la Biblioteca Municipal, s&#8217;impartir\u00e0 la xerrada Palestins i jueus contra el genocidi a Gaza i l&#8217;agressi\u00f3 militar a Palestina i L\u00edban.<\/p>\n\n\n\n<p>L&#8217;exposici\u00f3 de dibuixos per la pau a la Biblioteca Municipal del 30 de gener al 7 de febrer completa la programaci\u00f3 de la setmana que ve. Les regidories de Serveis Socials, Cultura i Educaci\u00f3 impulsen aquest programa, que tamb\u00e9 compta amb la col\u00b7laboraci\u00f3 destacada del Centre Del\u00e0s d&#8217;Estudis per la Pau, la C\u00e0tedra Unesco de Filosofia per la Pau, la Societat Cultural Amics de la Vall i l&#8217;Associaci\u00f3 de Dones Clara Campoamor .<\/p>\n\n\n\n<p>Les darreres setmanes, els IES ja han rebut tallers de formaci\u00f3 pacifista, s&#8217;ha representat una obra de teatre familiar sobre la guerra, s&#8217;ha instal\u00b7lat l&#8217;exposici\u00f3 itinerant &#8216;Projecte Balder d&#8217;habilitats per fer les paus&#8217; i s&#8217;han realitzat tallers d&#8217;interculturalitat a les escoles. Al mes de febrer continuar\u00e0 l&#8217;activitat als IES amb el Kit d&#8217;educaci\u00f3 per la pau i les xerrades contra el discurs d&#8217;odi. Aix\u00ed mateix, el 7 de febrer, Alejandro Pozo presentar\u00e0 el seu llibre &#8216;Qui arma Israel?&#8217;<\/p>\n\n\n\n<p>El regidor de Serveis Socials, Jorge Marqu\u00e9s, i la regidora d&#8217;Educaci\u00f3, Maria Cruces, han destacat que la intenci\u00f3 \u00e9s \u201ccontinuar fent fort una idea que a la Vall tenim molt arrelada, gr\u00e0cies a persones com Vicent Mart\u00ednez Guzm\u00e1n, com \u00e9s la de que des de la nostra ciutat es pugui contribuir a una societat i un m\u00f3n de pau\u201d. Tots dos han posat en valor la figura de l&#8217;il\u00b7lustre valler, treballador per la pau, referent mundial en aquest \u00e0mbit i Fill Predilecte de la Vall d&#8217;Uix\u00f3.<\/p>\n","protected":false},"excerpt":{"rendered":"<p>La setmana que ve se celebren els actes principals, amb protagonisme per al llegat de Vicent Mart\u00ednez Guzm\u00e1n i per als nens i nenes L&#8217;Ajuntament de la Vall d&#8217;Uix\u00f3 ha presentat la programaci\u00f3 &#8216;Cultura per la pau 2025&#8217;, que t\u00e9 com a objectiu enfortir la cultura de la pau que va n\u00e9ixer a la ciutat &#8230; <a title=\"L&#8217;Ajuntament de la Vall d&#8217;Uix\u00f3 presenta la programaci\u00f3 &#8216;Cultura per la pau 2025&#8217;\" class=\"read-more\" href=\"https:\/\/elcafedepipa.com\/index.php\/2025\/01\/24\/lajuntament-de-la-vall-duixo-presenta-la-programacio-cultura-per-la-pau-2025\/\" aria-label=\"M\u00e9s informaci\u00f3 sobre L&#8217;Ajuntament de la Vall d&#8217;Uix\u00f3 presenta la programaci\u00f3 &#8216;Cultura per la pau 2025&#8217;\">Read more<\/a><\/p>\n","protected":false},"author":2,"featured_media":10164,"comment_status":"closed","ping_status":"closed","sticky":false,"template":"","format":"standard","meta":{"om_disable_all_campaigns":false,"_monsterinsights_skip_tracking":false,"_monsterinsights_sitenote_active":false,"_monsterinsights_sitenote_note":"","_monsterinsights_sitenote_category":0,"_uf_show_specific_survey":0,"_uf_disable_surveys":false,"footnotes":""},"categories":[1],"tags":[],"class_list":["post-10163","post","type-post","status-publish","format-standard","has-post-thumbnail","hentry","category-non-classe"],"_links":{"self":[{"href":"https:\/\/elcafedepipa.com\/index.php\/wp-json\/wp\/v2\/posts\/10163","targetHints":{"allow":["GET"]}}],"collection":[{"href":"https:\/\/elcafedepipa.com\/index.php\/wp-json\/wp\/v2\/posts"}],"about":[{"href":"https:\/\/elcafedepipa.com\/index.php\/wp-json\/wp\/v2\/types\/post"}],"author":[{"embeddable":true,"href":"https:\/\/elcafedepipa.com\/index.php\/wp-json\/wp\/v2\/users\/2"}],"replies":[{"embeddable":true,"href":"https:\/\/elcafedepipa.com\/index.php\/wp-json\/wp\/v2\/comments?post=10163"}],"version-history":[{"count":0,"href":"https:\/\/elcafedepipa.com\/index.php\/wp-json\/wp\/v2\/posts\/10163\/revisions"}],"wp:featuredmedia":[{"embeddable":true,"href":"https:\/\/elcafedepipa.com\/index.php\/wp-json\/wp\/v2\/media\/10164"}],"wp:attachment":[{"href":"https:\/\/elcafedepipa.com\/index.php\/wp-json\/wp\/v2\/media?parent=10163"}],"wp:term":[{"taxonomy":"category","embeddable":true,"href":"https:\/\/elcafedepipa.com\/index.php\/wp-json\/wp\/v2\/categories?post=10163"},{"taxonomy":"post_tag","embeddable":true,"href":"https:\/\/elcafedepipa.com\/index.php\/wp-json\/wp\/v2\/tags?post=10163"}],"curies":[{"name":"wp","href":"https:\/\/api.w.org\/{rel}","templated":true}]}}