{"id":10149,"date":"2025-01-24T14:47:31","date_gmt":"2025-01-24T13:47:31","guid":{"rendered":"https:\/\/elcafedepipa.com\/?p=10149"},"modified":"2025-01-24T14:52:06","modified_gmt":"2025-01-24T13:52:06","slug":"nules-sera-seu-de-la-copa-senior-femeni-autonomic-de-basquet","status":"publish","type":"post","link":"https:\/\/elcafedepipa.com\/index.php\/2025\/01\/24\/nules-sera-seu-de-la-copa-senior-femeni-autonomic-de-basquet\/","title":{"rendered":"Nules ser\u00e0 seu de la copa S\u00e8nior femen\u00ed auton\u00f2mic de b\u00e1squet"},"content":{"rendered":"\n<p><strong>Els partits es disputaran al pavell\u00f3 esportiu municipal els dies&nbsp; 1 i 2 de mar\u00e7<\/strong><\/p>\n\n\n\n<p>Nules&nbsp; ser\u00e0 enguany l\u2019escenari&nbsp; de la Copa S\u00e8nior Femen\u00ed Auton\u00f2mic de b\u00e0squet, una nova aposta de l\u2019Ajuntament de Nules per promocionar a la poblaci\u00f3 diferents modalitats esportives. De manera que, de nou Nules ser\u00e0 seu d\u2019un esdeveniment competitiu de primer nivell despr\u00e9s de l\u2019acord aconseguit entre l\u2019Ajuntament de Nules i la Federaci\u00f3 de B\u00e0squet de la Comunitat Valenciana amb col\u00b7laboraci\u00f3 del club local Taronja Basket Nules.&nbsp;&nbsp;<\/p>\n\n\n\n<p>En aquest sentit, els partits es disputaran al Poliesportiu Municipal de Nules&nbsp; els dies 1 i 2 de mar\u00e7. I s\u2019emetran en directe a trav\u00e9s&nbsp; de la nova plataforma de l\u2019Associaci\u00f3 de Federacions Esportives de la Comunitat Valenciana EsportViu, i del canal de Youtube FBCV&nbsp; amb la retransmissi\u00f3 de InGame Producciones, partner audiovisual de la Federaci\u00f3 de B\u00e0squet de la Comunitat Valenciana.<\/p>\n\n\n\n<p>Cal recordar que, Nules ja va albergar la passada temporada la fase Final Junior Mascul\u00ed Auton\u00f2mic, \u201cper tant, l\u2019Ajuntament de Nules i la Federaci\u00f3 de B\u00e0squet de la Comunitat Valenciana compten des de fa temps amb una l\u00ednia de col\u00b7laboraci\u00f3 esportiva\u201d, comenta el regidor d\u2019Esports, Gabriel Torres.<\/p>\n","protected":false},"excerpt":{"rendered":"<p>Els partits es disputaran al pavell\u00f3 esportiu municipal els dies&nbsp; 1 i 2 de mar\u00e7 Nules&nbsp; ser\u00e0 enguany l\u2019escenari&nbsp; de la Copa S\u00e8nior Femen\u00ed Auton\u00f2mic de b\u00e0squet, una nova aposta de l\u2019Ajuntament de Nules per promocionar a la poblaci\u00f3 diferents modalitats esportives. De manera que, de nou Nules ser\u00e0 seu d\u2019un esdeveniment competitiu de primer &#8230; <a title=\"Nules ser\u00e0 seu de la copa S\u00e8nior femen\u00ed auton\u00f2mic de b\u00e1squet\" class=\"read-more\" href=\"https:\/\/elcafedepipa.com\/index.php\/2025\/01\/24\/nules-sera-seu-de-la-copa-senior-femeni-autonomic-de-basquet\/\" aria-label=\"M\u00e9s informaci\u00f3 sobre Nules ser\u00e0 seu de la copa S\u00e8nior femen\u00ed auton\u00f2mic de b\u00e1squet\">Read more<\/a><\/p>\n","protected":false},"author":2,"featured_media":10158,"comment_status":"closed","ping_status":"closed","sticky":false,"template":"","format":"standard","meta":{"om_disable_all_campaigns":false,"_monsterinsights_skip_tracking":false,"_monsterinsights_sitenote_active":false,"_monsterinsights_sitenote_note":"","_monsterinsights_sitenote_category":0,"_uf_show_specific_survey":0,"_uf_disable_surveys":false,"footnotes":""},"categories":[3],"tags":[],"class_list":["post-10149","post","type-post","status-publish","format-standard","has-post-thumbnail","hentry","category-nules"],"_links":{"self":[{"href":"https:\/\/elcafedepipa.com\/index.php\/wp-json\/wp\/v2\/posts\/10149","targetHints":{"allow":["GET"]}}],"collection":[{"href":"https:\/\/elcafedepipa.com\/index.php\/wp-json\/wp\/v2\/posts"}],"about":[{"href":"https:\/\/elcafedepipa.com\/index.php\/wp-json\/wp\/v2\/types\/post"}],"author":[{"embeddable":true,"href":"https:\/\/elcafedepipa.com\/index.php\/wp-json\/wp\/v2\/users\/2"}],"replies":[{"embeddable":true,"href":"https:\/\/elcafedepipa.com\/index.php\/wp-json\/wp\/v2\/comments?post=10149"}],"version-history":[{"count":0,"href":"https:\/\/elcafedepipa.com\/index.php\/wp-json\/wp\/v2\/posts\/10149\/revisions"}],"wp:featuredmedia":[{"embeddable":true,"href":"https:\/\/elcafedepipa.com\/index.php\/wp-json\/wp\/v2\/media\/10158"}],"wp:attachment":[{"href":"https:\/\/elcafedepipa.com\/index.php\/wp-json\/wp\/v2\/media?parent=10149"}],"wp:term":[{"taxonomy":"category","embeddable":true,"href":"https:\/\/elcafedepipa.com\/index.php\/wp-json\/wp\/v2\/categories?post=10149"},{"taxonomy":"post_tag","embeddable":true,"href":"https:\/\/elcafedepipa.com\/index.php\/wp-json\/wp\/v2\/tags?post=10149"}],"curies":[{"name":"wp","href":"https:\/\/api.w.org\/{rel}","templated":true}]}}