{"id":10127,"date":"2025-01-24T14:02:13","date_gmt":"2025-01-24T13:02:13","guid":{"rendered":"https:\/\/elcafedepipa.com\/?p=10127"},"modified":"2025-01-24T14:02:15","modified_gmt":"2025-01-24T13:02:15","slug":"el-pspv-demana-al-pp-de-castello-que-done-la-cara-i-explique-lacord-amb-vox-i-puigdemont-que-ha-tombat-la-pujada-de-les-pensions-i-suprimeix-les-ajudes-al-transport-public","status":"publish","type":"post","link":"https:\/\/elcafedepipa.com\/index.php\/2025\/01\/24\/el-pspv-demana-al-pp-de-castello-que-done-la-cara-i-explique-lacord-amb-vox-i-puigdemont-que-ha-tombat-la-pujada-de-les-pensions-i-suprimeix-les-ajudes-al-transport-public\/","title":{"rendered":"El PSPV demana al PP de Castell\u00f3 que done la cara i explique l\u2019acord amb Vox i Puigdemont que ha tombat la pujada de les pensions i suprimeix les ajudes al transport p\u00fablic"},"content":{"rendered":"\n<p><strong>Els socialistes de la prov\u00edncia acusen la formaci\u00f3 de Feij\u00f3o, Maz\u00f3n i Barrachina de \u201cser la pitjor oposici\u00f3 de la hist\u00f2ria democr\u00e0tica\u201d i de ser lesiva per a pensionistes, fam\u00edlies, joves i treballadors<\/strong><br><br>El PSPV de Castell\u00f3, a trav\u00e9s de la diputada Susana Ros, empla\u00e7a el PP provincial \u201ca donar la cara i a explicar-li a l\u2019opini\u00f3 p\u00fablica, especialment als pensionistes, per qu\u00e8 ha acordat boicotejar de la m\u00e0 de Vox i Puigdemont el decret que contemplava l\u2019actualitzaci\u00f3 de les pensions conforme a l\u2019IPC, la pujada del 6% per a les pensions m\u00ednimes i les ajudes al transport p\u00fablic\u201d. \u201cHan de parlar i contar-nos per qu\u00e8 han decidit colpejar als pensionistes i als joves anul\u00b7lant les seues pensions i ajudes\u201d, subratlla Ros.<br><br>La l\u00edder socialista assenyala que aquest veto \u00e9s una mostra de \u201cl\u2019oposici\u00f3 m\u00e9s salvatge i destructiva de la hist\u00f2ria\u201d i acusa el PP \u201cde posar els seus interessos pol\u00edtics per damunt del benestar dels m\u00e9s de 134.000 pensionistes de Castell\u00f3, especialment les de pensions de vidu\u00eftat, i els m\u00e9s de 5000 joves que depenien de les bonificacions al transport\u201d. \u201cAquest PP s\u2019end\u00fa de carrer el t\u00edtol de la pitjor oposici\u00f3 de la hist\u00f2ria de la democr\u00e0cia. \u00c9s una oposici\u00f3 nociva per als pensionistes, per a les fam\u00edlies i que es ceba amb els joves i els treballadors del nostre pa\u00eds, als quals ha negat tamb\u00e9 al Congr\u00e9s en altres ocasions un salari m\u00ednim m\u00e9s digne o m\u00e9s drets, defensant una reforma laboral lesiva que promocionava els acomiadaments\u201d.<br><br>\u201cPer tal d\u2019atacar i desgastar el Govern d\u2019Espanya, s\u00f3n capa\u00e7os de qualsevol cosa, fins i tot de desdir-se de les seues pr\u00f2pies paraules i coquetejar amb Junts per a dur a terme la seua agenda neoliberal que retalla pensions i drets\u201d, afirma Ros.<br><br>Les pensions baixaran al febrer<br>La diputada de Benic\u00e0ssim explica que, encara que les pensions de gener arribaran amb la pujada corresponent gr\u00e0cies al decret vigent fins ara, a partir de febrer els pensionistes veuran redu\u00efts els seus ingressos. \u201cEl mes que ve, les pensions arribaran amb retallades, i totes les mirades hauran d\u2019adre\u00e7ar-se a Feij\u00f3o, Maz\u00f3n, Barrachina i els diputats del PP, Alberto Fabra i \u00d3scar Clavell, que hauran d\u2019explicar als pensionistes de Castell\u00f3 per qu\u00e8 cobraran menys que al gener\u201d.<br><br>Ros recorda que el PP \u201ctamb\u00e9 ha votat en contra del paquet d\u2019ajudes destinat a la DANA \u201csempre est\u00e0 al mateix costat de la hist\u00f2ria, el de les retallades i el desmantellament d\u2019all\u00f2 p\u00fablic\u201d. \u201cElls sabran el que fan\u201d.<\/p>\n\n\n\n<p><\/p>\n","protected":false},"excerpt":{"rendered":"<p>Els socialistes de la prov\u00edncia acusen la formaci\u00f3 de Feij\u00f3o, Maz\u00f3n i Barrachina de \u201cser la pitjor oposici\u00f3 de la hist\u00f2ria democr\u00e0tica\u201d i de ser lesiva per a pensionistes, fam\u00edlies, joves i treballadors El PSPV de Castell\u00f3, a trav\u00e9s de la diputada Susana Ros, empla\u00e7a el PP provincial \u201ca donar la cara i a explicar-li &#8230; <a title=\"El PSPV demana al PP de Castell\u00f3 que done la cara i explique l\u2019acord amb Vox i Puigdemont que ha tombat la pujada de les pensions i suprimeix les ajudes al transport p\u00fablic\" class=\"read-more\" href=\"https:\/\/elcafedepipa.com\/index.php\/2025\/01\/24\/el-pspv-demana-al-pp-de-castello-que-done-la-cara-i-explique-lacord-amb-vox-i-puigdemont-que-ha-tombat-la-pujada-de-les-pensions-i-suprimeix-les-ajudes-al-transport-public\/\" aria-label=\"M\u00e9s informaci\u00f3 sobre El PSPV demana al PP de Castell\u00f3 que done la cara i explique l\u2019acord amb Vox i Puigdemont que ha tombat la pujada de les pensions i suprimeix les ajudes al transport p\u00fablic\">Read more<\/a><\/p>\n","protected":false},"author":2,"featured_media":10128,"comment_status":"closed","ping_status":"closed","sticky":false,"template":"","format":"standard","meta":{"om_disable_all_campaigns":false,"_monsterinsights_skip_tracking":false,"_monsterinsights_sitenote_active":false,"_monsterinsights_sitenote_note":"","_monsterinsights_sitenote_category":0,"_uf_show_specific_survey":0,"_uf_disable_surveys":false,"footnotes":""},"categories":[10],"tags":[],"class_list":["post-10127","post","type-post","status-publish","format-standard","has-post-thumbnail","hentry","category-provinciadecastello"],"_links":{"self":[{"href":"https:\/\/elcafedepipa.com\/index.php\/wp-json\/wp\/v2\/posts\/10127","targetHints":{"allow":["GET"]}}],"collection":[{"href":"https:\/\/elcafedepipa.com\/index.php\/wp-json\/wp\/v2\/posts"}],"about":[{"href":"https:\/\/elcafedepipa.com\/index.php\/wp-json\/wp\/v2\/types\/post"}],"author":[{"embeddable":true,"href":"https:\/\/elcafedepipa.com\/index.php\/wp-json\/wp\/v2\/users\/2"}],"replies":[{"embeddable":true,"href":"https:\/\/elcafedepipa.com\/index.php\/wp-json\/wp\/v2\/comments?post=10127"}],"version-history":[{"count":0,"href":"https:\/\/elcafedepipa.com\/index.php\/wp-json\/wp\/v2\/posts\/10127\/revisions"}],"wp:featuredmedia":[{"embeddable":true,"href":"https:\/\/elcafedepipa.com\/index.php\/wp-json\/wp\/v2\/media\/10128"}],"wp:attachment":[{"href":"https:\/\/elcafedepipa.com\/index.php\/wp-json\/wp\/v2\/media?parent=10127"}],"wp:term":[{"taxonomy":"category","embeddable":true,"href":"https:\/\/elcafedepipa.com\/index.php\/wp-json\/wp\/v2\/categories?post=10127"},{"taxonomy":"post_tag","embeddable":true,"href":"https:\/\/elcafedepipa.com\/index.php\/wp-json\/wp\/v2\/tags?post=10127"}],"curies":[{"name":"wp","href":"https:\/\/api.w.org\/{rel}","templated":true}]}}