{"id":10106,"date":"2025-01-24T09:30:00","date_gmt":"2025-01-24T08:30:00","guid":{"rendered":"https:\/\/elcafedepipa.com\/?p=10106"},"modified":"2025-01-23T17:27:45","modified_gmt":"2025-01-23T16:27:45","slug":"el-pspv-de-castello-critica-que-lestand-ideat-per-mazon-i-barrachina-a-fitur-convida-a-passar-de-llarg-en-expulsar-loferta-turistica-dels-municipis","status":"publish","type":"post","link":"https:\/\/elcafedepipa.com\/index.php\/2025\/01\/24\/el-pspv-de-castello-critica-que-lestand-ideat-per-mazon-i-barrachina-a-fitur-convida-a-passar-de-llarg-en-expulsar-loferta-turistica-dels-municipis\/","title":{"rendered":"El PSPV de Castell\u00f3 critica que l\u2019estand ideat per Maz\u00f3n i Barrachina a FITUR \u201cconvida a passar de llarg\u201d en expulsar l\u2019oferta tur\u00edstica dels municipis"},"content":{"rendered":"\n<p><br><strong>La diputada Maria Jim\u00e9nez exigeix recuperar el protagonisme dels municipis despr\u00e9s de quedar en desavantatge davant altres destins de l\u2019Estat i subratlla les \u00a0fortes cr\u00edtiques per la qualitat \u00ednfima de la construcci\u00f3 de l\u2019espai<\/strong><br><br>El PSPV de Castell\u00f3 ha assenyalat que \u201cels temors dels municipis davant l\u2019amena\u00e7a de Maz\u00f3n, amb la complicitat de la Diputaci\u00f3, d\u2019expulsar-los de l\u2019estand de FITUR s\u2019han confirmat\u201d. Pels passadissos d\u2019IFEMA, alcaldes i alcaldesses de tots els colors han vessat fortes cr\u00edtiques que coincideixen en la mateixa direcci\u00f3: \u201c\u00c9s un estand que es pot qualificar \u2018d\u2019horrible\u2019 per la baixa qualitat dels materials, l\u2019abs\u00e8ncia total d\u2019elements visuals presentant l\u2019oferta tur\u00edstica de la prov\u00edncia i la fredor general que transmet\u201d.<br><br>La diputada provincial i representant socialista al Patronat de Turisme, Maria Jim\u00e9nez, ha assegurat que \u201cla Generalitat i la Diputaci\u00f3 han creat un estand que convida a passar de llarg\u201d i ha lamentat que les localitats de Castell\u00f3, que porten mesos preparant-se, \u201cjuguen en desavantatge davant altres destins de l\u2019Estat que s\u00ed que presenten plenament la seua oferta\u201d. \u201cA les localitats tur\u00edstiques de Castell\u00f3 se les ha privat de poder presentar-se amb noms i cognoms davant visitants. Sense un espai propi per promocionar-se han quedat relegats a un segon pla i perden una finestra clau per atraure visitants, un fet realment greu perqu\u00e8 som un territori que viu tamb\u00e9 del turisme\u201d. \u00a0<br><br>\u201cTothom coincideix en qu\u00e8 l\u2019estand de Turisme Comunitat Valenciana no representa la riquesa tur\u00edstica de Castell\u00f3. Som una terra que combina sol i platja amb cultura, patrimoni, esports i m\u00fasica en directe. Per\u00f2 d\u2019aix\u00f2 no trobem res a FITUR. Nom\u00e9s taules i cadires i partes pintades de blanc, res m\u00e9s, mentre altres comunitats aut\u00f2nomes han treballat colze a colze amb els seus ajuntaments per a oferir experi\u00e8ncies i destacar en una fira que \u00e9s fonamental per al sector tur\u00edstic\u201d. \u00a0<br><br>La socialista tamb\u00e9 ha criticat l\u2019actitud \u201csubmisa\u201d del PP de la Diputaci\u00f3, que \u201cno ha al\u00e7at la veu en cap moment contra un model que perjudica clarament Castell\u00f3\u201d. \u201cHem quedat dilu\u00efts entre les grans marques de la Comunitat Valenciana, per\u00f2 aix\u00f2 no sembla importar a Marta Barrachina\u201d, ha assegurat la diputada.<br><br><strong>El PSPV fa mesos que ho advertia<\/strong><br>Maria Jim\u00e9nez ha recordat que el PSPV porta mesos advertint sobre aquest canvi de model \u201cper terra, mar i aire\u201d, per\u00f2 Maz\u00f3n i Marta Barrachina se n\u2019han eixit amb la seua. \u201cAl final FITUR ha quedat relegat enguany a un espai fet a imatge i semblan\u00e7a de qui ens governen, un espai ru\u00efn\u00f3s i poc ambici\u00f3s que oblida els aut\u00e8ntics protagonistes de FITUR: els municipis\u201d. \u201cDes del PSPV no abaixarem la pressi\u00f3 perqu\u00e8 FITUR torne a ser el que era i no un joguet del PP\u201d.<\/p>\n","protected":false},"excerpt":{"rendered":"<p>La diputada Maria Jim\u00e9nez exigeix recuperar el protagonisme dels municipis despr\u00e9s de quedar en desavantatge davant altres destins de l\u2019Estat i subratlla les \u00a0fortes cr\u00edtiques per la qualitat \u00ednfima de la construcci\u00f3 de l\u2019espai El PSPV de Castell\u00f3 ha assenyalat que \u201cels temors dels municipis davant l\u2019amena\u00e7a de Maz\u00f3n, amb la complicitat de la Diputaci\u00f3, &#8230; <a title=\"El PSPV de Castell\u00f3 critica que l\u2019estand ideat per Maz\u00f3n i Barrachina a FITUR \u201cconvida a passar de llarg\u201d en expulsar l\u2019oferta tur\u00edstica dels municipis\" class=\"read-more\" href=\"https:\/\/elcafedepipa.com\/index.php\/2025\/01\/24\/el-pspv-de-castello-critica-que-lestand-ideat-per-mazon-i-barrachina-a-fitur-convida-a-passar-de-llarg-en-expulsar-loferta-turistica-dels-municipis\/\" aria-label=\"M\u00e9s informaci\u00f3 sobre El PSPV de Castell\u00f3 critica que l\u2019estand ideat per Maz\u00f3n i Barrachina a FITUR \u201cconvida a passar de llarg\u201d en expulsar l\u2019oferta tur\u00edstica dels municipis\">Read more<\/a><\/p>\n","protected":false},"author":2,"featured_media":10107,"comment_status":"closed","ping_status":"closed","sticky":false,"template":"","format":"standard","meta":{"om_disable_all_campaigns":false,"_monsterinsights_skip_tracking":false,"_monsterinsights_sitenote_active":false,"_monsterinsights_sitenote_note":"","_monsterinsights_sitenote_category":0,"_uf_show_specific_survey":0,"_uf_disable_surveys":false,"footnotes":""},"categories":[10],"tags":[],"class_list":["post-10106","post","type-post","status-publish","format-standard","has-post-thumbnail","hentry","category-provinciadecastello"],"_links":{"self":[{"href":"https:\/\/elcafedepipa.com\/index.php\/wp-json\/wp\/v2\/posts\/10106","targetHints":{"allow":["GET"]}}],"collection":[{"href":"https:\/\/elcafedepipa.com\/index.php\/wp-json\/wp\/v2\/posts"}],"about":[{"href":"https:\/\/elcafedepipa.com\/index.php\/wp-json\/wp\/v2\/types\/post"}],"author":[{"embeddable":true,"href":"https:\/\/elcafedepipa.com\/index.php\/wp-json\/wp\/v2\/users\/2"}],"replies":[{"embeddable":true,"href":"https:\/\/elcafedepipa.com\/index.php\/wp-json\/wp\/v2\/comments?post=10106"}],"version-history":[{"count":0,"href":"https:\/\/elcafedepipa.com\/index.php\/wp-json\/wp\/v2\/posts\/10106\/revisions"}],"wp:featuredmedia":[{"embeddable":true,"href":"https:\/\/elcafedepipa.com\/index.php\/wp-json\/wp\/v2\/media\/10107"}],"wp:attachment":[{"href":"https:\/\/elcafedepipa.com\/index.php\/wp-json\/wp\/v2\/media?parent=10106"}],"wp:term":[{"taxonomy":"category","embeddable":true,"href":"https:\/\/elcafedepipa.com\/index.php\/wp-json\/wp\/v2\/categories?post=10106"},{"taxonomy":"post_tag","embeddable":true,"href":"https:\/\/elcafedepipa.com\/index.php\/wp-json\/wp\/v2\/tags?post=10106"}],"curies":[{"name":"wp","href":"https:\/\/api.w.org\/{rel}","templated":true}]}}