{"id":10093,"date":"2025-01-23T17:05:10","date_gmt":"2025-01-23T16:05:10","guid":{"rendered":"https:\/\/elcafedepipa.com\/?p=10093"},"modified":"2025-01-23T17:08:26","modified_gmt":"2025-01-23T16:08:26","slug":"santos-moreno-villar-guanyador-del-xlvi-concurs-de-fotografia-local-vila-dalmenara","status":"publish","type":"post","link":"https:\/\/elcafedepipa.com\/index.php\/2025\/01\/23\/santos-moreno-villar-guanyador-del-xlvi-concurs-de-fotografia-local-vila-dalmenara\/","title":{"rendered":"Santos Moreno Villar, guanyador del XLVI Concurs de fotografia local &#8220;Vila d&#8217;Almenara&#8221;"},"content":{"rendered":"\n<p><strong>Juana Romeu Madrid i Cristina S\u00e1nchez Moya queden en segon i tercer lloc<\/strong><\/p>\n\n\n\n<p>Ja es coneixen els guanyadors i guanyadores del XLVI Concurs de fotografia local \u201cVila d\u2019Almenara 2024\u201d organitzat pel Grup Fotogr\u00e0fic d\u2019Almenara (GFAL) i patrocinat per l&#8217;Ajuntament d&#8217;Almenara a trav\u00e9s de la Regidoria de Cultura.<\/p>\n\n\n\n<p>El primer premi, dotat amb 250 euros, ha correspost a Santos Moreno Villar amb la instant\u00e0nia titulada \u201cHora daurada a l&#8217;Estany d\u2019Almenara\u201d. El segon guard\u00f3, dotat amb 100 euros ha sigut per a Juana Romeu Madrid amb la fotografia titulada \u201cL\u2019horta, estany i mar\u201d. El tercer premi, dotat amb 50 euros, \u00e9s per a Cristina S\u00e1nchez Moya per la instant\u00e0nia titulada \u201cAlmenara 4\u201d.<\/p>\n\n\n\n<p>A m\u00e9s, el jurat ha decidit concedir dos acc\u00e8ssits. El primer per a Pedro D\u00edaz amb la imatge titulada \u201cUn lugar para so\u00f1ar: Estanys de Almenara\u201d i el segon per a David Piqueras per la instant\u00e0nia titulada \u201cAlmenara\u201d.<\/p>\n\n\n\n<p><\/p>\n","protected":false},"excerpt":{"rendered":"<p>Juana Romeu Madrid i Cristina S\u00e1nchez Moya queden en segon i tercer lloc Ja es coneixen els guanyadors i guanyadores del XLVI Concurs de fotografia local \u201cVila d\u2019Almenara 2024\u201d organitzat pel Grup Fotogr\u00e0fic d\u2019Almenara (GFAL) i patrocinat per l&#8217;Ajuntament d&#8217;Almenara a trav\u00e9s de la Regidoria de Cultura. El primer premi, dotat amb 250 euros, ha &#8230; <a title=\"Santos Moreno Villar, guanyador del XLVI Concurs de fotografia local &#8220;Vila d&#8217;Almenara&#8221;\" class=\"read-more\" href=\"https:\/\/elcafedepipa.com\/index.php\/2025\/01\/23\/santos-moreno-villar-guanyador-del-xlvi-concurs-de-fotografia-local-vila-dalmenara\/\" aria-label=\"M\u00e9s informaci\u00f3 sobre Santos Moreno Villar, guanyador del XLVI Concurs de fotografia local &#8220;Vila d&#8217;Almenara&#8221;\">Read more<\/a><\/p>\n","protected":false},"author":2,"featured_media":10097,"comment_status":"closed","ping_status":"closed","sticky":false,"template":"","format":"standard","meta":{"om_disable_all_campaigns":false,"_monsterinsights_skip_tracking":false,"_monsterinsights_sitenote_active":false,"_monsterinsights_sitenote_note":"","_monsterinsights_sitenote_category":0,"_uf_show_specific_survey":0,"_uf_disable_surveys":false,"footnotes":""},"categories":[5],"tags":[],"class_list":["post-10093","post","type-post","status-publish","format-standard","has-post-thumbnail","hentry","category-almenara"],"_links":{"self":[{"href":"https:\/\/elcafedepipa.com\/index.php\/wp-json\/wp\/v2\/posts\/10093","targetHints":{"allow":["GET"]}}],"collection":[{"href":"https:\/\/elcafedepipa.com\/index.php\/wp-json\/wp\/v2\/posts"}],"about":[{"href":"https:\/\/elcafedepipa.com\/index.php\/wp-json\/wp\/v2\/types\/post"}],"author":[{"embeddable":true,"href":"https:\/\/elcafedepipa.com\/index.php\/wp-json\/wp\/v2\/users\/2"}],"replies":[{"embeddable":true,"href":"https:\/\/elcafedepipa.com\/index.php\/wp-json\/wp\/v2\/comments?post=10093"}],"version-history":[{"count":0,"href":"https:\/\/elcafedepipa.com\/index.php\/wp-json\/wp\/v2\/posts\/10093\/revisions"}],"wp:featuredmedia":[{"embeddable":true,"href":"https:\/\/elcafedepipa.com\/index.php\/wp-json\/wp\/v2\/media\/10097"}],"wp:attachment":[{"href":"https:\/\/elcafedepipa.com\/index.php\/wp-json\/wp\/v2\/media?parent=10093"}],"wp:term":[{"taxonomy":"category","embeddable":true,"href":"https:\/\/elcafedepipa.com\/index.php\/wp-json\/wp\/v2\/categories?post=10093"},{"taxonomy":"post_tag","embeddable":true,"href":"https:\/\/elcafedepipa.com\/index.php\/wp-json\/wp\/v2\/tags?post=10093"}],"curies":[{"name":"wp","href":"https:\/\/api.w.org\/{rel}","templated":true}]}}