{"id":10073,"date":"2025-01-23T16:45:01","date_gmt":"2025-01-23T15:45:01","guid":{"rendered":"https:\/\/elcafedepipa.com\/?p=10073"},"modified":"2025-01-23T16:46:37","modified_gmt":"2025-01-23T15:46:37","slug":"podcast-lajuntament-de-la-vall-duixo-presenta-la-marca-turistica-uixo-a-fitur-2025","status":"publish","type":"post","link":"https:\/\/elcafedepipa.com\/index.php\/2025\/01\/23\/podcast-lajuntament-de-la-vall-duixo-presenta-la-marca-turistica-uixo-a-fitur-2025\/","title":{"rendered":"Podcast | L&#8217;Ajuntament de la Vall d&#8217;Uix\u00f3 presenta la marca tur\u00edstica &#8220;Uix\u00f3&#8221; a Fitur 2025"},"content":{"rendered":"\n<p><strong>La nova identitat busca consolidar la Vall d\u2019Uix\u00f3 com una destinaci\u00f3 tur\u00edstica atractiva i sostenible, amb opcions per gaudir m\u00e9s d\u2019una jornada al municipi.<\/strong><\/p>\n\n\n\n<p>L&#8217;Ajuntament de la Vall d&#8217;Uix\u00f3 participa aquest any a la Fira Internacional de Turisme (FITUR), un dels esdeveniments m\u00e9s destacats del sector tur\u00edstic a nivell nacional i internacional, amb l&#8217;objectiu de posicionar la nova marca tur\u00edstica \u201cUIX\u00d3, arrels de aigua\u201d. Aquesta iniciativa es presenta com un impuls estrat\u00e8gic per projectar la riquesa i la diversitat de l&#8217;oferta tur\u00edstica del municipi.<\/p>\n\n\n\n<p>La marca \u201cUIX\u00d3\u201d ha estat dissenyada per destacar els nombrosos atractius de la Vall d&#8217;Uix\u00f3, una destinaci\u00f3 que combina natura, cultura, hist\u00f2ria, gastronomia i festes. Entre els pilars d\u00b4aquesta oferta hi ha les emblem\u00e0tiques Coves de Sant Josep, un enclavament \u00fanic que ja s\u00b4ha consolidat com una de les principals refer\u00e8ncies tur\u00edstiques de la Comunitat Valenciana i que actua com a motor d\u00b4atracci\u00f3 per a milers de visitants cada any.<\/p>\n\n\n\n<p>Amb UIX\u00d3, l&#8217;Ajuntament busca ampliar l&#8217;experi\u00e8ncia tur\u00edstica, oferint al visitant alternatives que van m\u00e9s enll\u00e0 d&#8217;una visita puntual. Des de rutes per l&#8217;entorn natural i el patrimoni hist\u00f2ric, fins a esdeveniments culturals on destaca la m\u00fasica i una oferta gastron\u00f2mica variada, la proposta est\u00e0 dissenyada perqu\u00e8 els turistes puguin gaudir d&#8217;una estada prolongada i enriquidora al municipi.<\/p>\n\n\n\n<p>A m\u00e9s, el proper divendres 24 de gener, durant FITUR, l&#8217;Ajuntament presentar\u00e0 l&#8217;aven\u00e7 del cartell del Singin&#8217; in the Cave 2025, l&#8217;edici\u00f3 del qual celebra aquest 10\u00e8 aniversari. Aquest esdeveniment, que va comen\u00e7ar el 2016, \u00e9s una aposta clara pel turisme sostenible i s&#8217;ha consolidat com una experi\u00e8ncia \u00fanica que aporta un alt valor afegit a la destinaci\u00f3. La presentaci\u00f3 comptar\u00e0 amb la pres\u00e8ncia de Blanca Paloma, que afegir\u00e0 el toc especial a l&#8217;acte i consolidar\u00e0 encara m\u00e9s l&#8217;impacte d&#8217;aquesta cita anual.<\/p>\n\n\n\n<p>En aquesta edici\u00f3 de FITUR, l&#8217;Ajuntament tamb\u00e9 donar\u00e0 a con\u00e8ixer la nova l\u00ednia de fulletons tem\u00e0tics que inclouen informaci\u00f3 detallada sobre els serveis que els visitants poden gaudir al municipi, tant en allotjament com en restauraci\u00f3. Aquests fulletons seran una eina clau per facilitar l&#8217;experi\u00e8ncia dels turistes, guiant-los cap als millors serveis locals i potenciant la vostra estada a La Vall d&#8217;Uix\u00f3.<\/p>\n\n\n\n<p>A m\u00e9s de posicionar la marca entre els professionals i operadors tur\u00edstics, durant el cap de setmana, l&#8217;Ajuntament rebr\u00e0 el p\u00fablic madrileny a FITUR, habilitant un estand espec\u00edfic on es facilitar\u00e0 informaci\u00f3 sobre la Vall d&#8217;Uix\u00f3. En aquest espai es realitzaran diverses accions promocionals per donar a con\u00e8ixer les principals atraccions del municipi i atraure els turistes de Madrid, convidant-los a descobrir aquesta destinaci\u00f3 \u00fanica a la Comunitat Valenciana.<\/p>\n\n\n\n<p>La marca Uix\u00f3 neix amb l&#8217;objectiu d&#8217;aglutinar els recursos tur\u00edstics actuals i els que es generaran gr\u00e0cies al Pla de Sostenibilitat Tur\u00edstica a Destinacions, finan\u00e7at amb els fons Next Generation de la Uni\u00f3 Europea. Aquest pla permetr\u00e0 impulsar importants projectes per al desenvolupament tur\u00edstic a la Vall d\u2019Uix\u00f3. Entre les iniciatives m\u00e9s destacades hi ha la creaci\u00f3 d&#8217;un nou espai muse\u00edstic a la F\u00e0brica de la Llum, que s&#8217;integra al recorregut patrimonial Cam\u00ed de l&#8217;Aigua i que enriquir\u00e0 l&#8217;oferta cultural del municipi. A m\u00e9s, gr\u00e0cies a l&#8217;ajut a patrimoni per a \u00fas tur\u00edstic, impulsat pel Ministeri d&#8217;Ind\u00fastria i Turisme i amb c\u00e0rrec a fons Next Generation, es destinaran m\u00e9s de dos milions i mig d&#8217;euros a la millora del Poblat Ib\u00e8ric de Sant Josep, amb el objectiu de convertir-lo en un dels principals atractius tur\u00edstics de la destinaci\u00f3. En total, aquests projectes suposaran una inversi\u00f3 directa de gaireb\u00e9 5 milions d\u02bbeuros, orientada a millorar la infraestructura tur\u00edstica i garantir un futur sostenible i de qualitat per a la Vall d\u2019Uix\u00f3.<\/p>\n\n\n\n<p>\u201cAmb la creaci\u00f3 de la marca UIX\u00d3, volem mostrar que La Vall d&#8217;Uix\u00f3 no \u00e9s nom\u00e9s un lloc per descobrir, sin\u00f3 un dest\u00ed per viure experi\u00e8ncies \u00faniques. Estem apostant per un turisme sostenible, inclusiu i de qualitat, que convidi els visitants a connectar amb l\u00b4ess\u00e8ncia del nostre municipi\u201d, ha destacat Javier Ferreres, regidor de turisme.<\/p>\n\n\n\n<p>La pres\u00e8ncia a FITUR representa una oportunitat clau per presentar aquesta estrat\u00e8gia a operadors tur\u00edstics, mitjans de comunicaci\u00f3, visitants professionals i p\u00fablic en general, consolidant la Vall d\u2019Uix\u00f3 com una destinaci\u00f3 imprescindible dins del mapa tur\u00edstic nacional i internacional.<\/p>\n\n\n\n<p><strong>\u00c0UDIOS DE JAVIER FERRERES (Conseller Delegat d&#8217;Emsevall) I TANIA BA\u00d1OS (Alcaldessa)<\/strong>:<\/p>\n\n\n\n<figure class=\"wp-block-audio\"><audio controls src=\"https:\/\/elcafedepipa.com\/wp-content\/uploads\/2025\/01\/ferreresfitur.mp3\"><\/audio><\/figure>\n\n\n\n<figure class=\"wp-block-audio\"><audio controls src=\"https:\/\/elcafedepipa.com\/wp-content\/uploads\/2025\/01\/taniafitur.mp3\"><\/audio><\/figure>\n\n\n\n<p><\/p>\n","protected":false},"excerpt":{"rendered":"<p>La nova identitat busca consolidar la Vall d\u2019Uix\u00f3 com una destinaci\u00f3 tur\u00edstica atractiva i sostenible, amb opcions per gaudir m\u00e9s d\u2019una jornada al municipi. L&#8217;Ajuntament de la Vall d&#8217;Uix\u00f3 participa aquest any a la Fira Internacional de Turisme (FITUR), un dels esdeveniments m\u00e9s destacats del sector tur\u00edstic a nivell nacional i internacional, amb l&#8217;objectiu de &#8230; <a title=\"Podcast | L&#8217;Ajuntament de la Vall d&#8217;Uix\u00f3 presenta la marca tur\u00edstica &#8220;Uix\u00f3&#8221; a Fitur 2025\" class=\"read-more\" href=\"https:\/\/elcafedepipa.com\/index.php\/2025\/01\/23\/podcast-lajuntament-de-la-vall-duixo-presenta-la-marca-turistica-uixo-a-fitur-2025\/\" aria-label=\"M\u00e9s informaci\u00f3 sobre Podcast | L&#8217;Ajuntament de la Vall d&#8217;Uix\u00f3 presenta la marca tur\u00edstica &#8220;Uix\u00f3&#8221; a Fitur 2025\">Read more<\/a><\/p>\n","protected":false},"author":2,"featured_media":10076,"comment_status":"closed","ping_status":"closed","sticky":false,"template":"","format":"standard","meta":{"om_disable_all_campaigns":false,"_monsterinsights_skip_tracking":false,"_monsterinsights_sitenote_active":false,"_monsterinsights_sitenote_note":"","_monsterinsights_sitenote_category":0,"_uf_show_specific_survey":0,"_uf_disable_surveys":false,"footnotes":""},"categories":[1],"tags":[],"class_list":["post-10073","post","type-post","status-publish","format-standard","has-post-thumbnail","hentry","category-non-classe"],"_links":{"self":[{"href":"https:\/\/elcafedepipa.com\/index.php\/wp-json\/wp\/v2\/posts\/10073","targetHints":{"allow":["GET"]}}],"collection":[{"href":"https:\/\/elcafedepipa.com\/index.php\/wp-json\/wp\/v2\/posts"}],"about":[{"href":"https:\/\/elcafedepipa.com\/index.php\/wp-json\/wp\/v2\/types\/post"}],"author":[{"embeddable":true,"href":"https:\/\/elcafedepipa.com\/index.php\/wp-json\/wp\/v2\/users\/2"}],"replies":[{"embeddable":true,"href":"https:\/\/elcafedepipa.com\/index.php\/wp-json\/wp\/v2\/comments?post=10073"}],"version-history":[{"count":0,"href":"https:\/\/elcafedepipa.com\/index.php\/wp-json\/wp\/v2\/posts\/10073\/revisions"}],"wp:featuredmedia":[{"embeddable":true,"href":"https:\/\/elcafedepipa.com\/index.php\/wp-json\/wp\/v2\/media\/10076"}],"wp:attachment":[{"href":"https:\/\/elcafedepipa.com\/index.php\/wp-json\/wp\/v2\/media?parent=10073"}],"wp:term":[{"taxonomy":"category","embeddable":true,"href":"https:\/\/elcafedepipa.com\/index.php\/wp-json\/wp\/v2\/categories?post=10073"},{"taxonomy":"post_tag","embeddable":true,"href":"https:\/\/elcafedepipa.com\/index.php\/wp-json\/wp\/v2\/tags?post=10073"}],"curies":[{"name":"wp","href":"https:\/\/api.w.org\/{rel}","templated":true}]}}