{"id":10052,"date":"2025-01-22T12:12:25","date_gmt":"2025-01-22T11:12:25","guid":{"rendered":"https:\/\/elcafedepipa.com\/?p=10052"},"modified":"2025-01-22T12:12:26","modified_gmt":"2025-01-22T11:12:26","slug":"lajuntament-dalmenara-informa-els-constructors-locals-sobre-le-sobres-previstes-en-el-pla-impulsa","status":"publish","type":"post","link":"https:\/\/elcafedepipa.com\/index.php\/2025\/01\/22\/lajuntament-dalmenara-informa-els-constructors-locals-sobre-le-sobres-previstes-en-el-pla-impulsa\/","title":{"rendered":"L\u2019Ajuntament d\u2019Almenara informa els constructors locals sobre le sobres previstes en el Pla Impulsa"},"content":{"rendered":"\n<p><strong>Entre les inversions destaquen la nova graderia del camp de futbol, els lavabos del Recinte Firal i la segona fase de l\u2019*Espai Cultural<\/strong><\/p>\n\n\n\n<p>El regidor d&#8217;Obres i Serveis de l&#8217;Ajuntament d&#8217;Almenara, Lorenzo Vicent, acompanyat per t\u00e8cnics municipals, ha mantingut una trobada amb diversos constructors locals amb la finalitat d&#8217;informar-los de la intenci\u00f3 del consistori d&#8217;executar pr\u00f2ximament les obres per a la localitat del denominat Pla Impulsa de la Diputaci\u00f3 de Castell\u00f3.<\/p>\n\n\n\n<p>Entre les accions que van ser sol\u00b7licitades en el seu moment des del municipi d&#8217;Almenara es troba la construcci\u00f3 d&#8217;una nova graderia al Camp de Futbol Municipal de la Corona, amb la seua corresponent obra per a facilitar l&#8217;accessibilitat. La inversi\u00f3 ser\u00e0 de 40.000 euros.<\/p>\n\n\n\n<p>Dins d&#8217;aquest pla tamb\u00e9 es contempla amb un pressupost de 45.000 euros la construcci\u00f3 d&#8217;uns lavabos p\u00fablics en el Recinte Firal i Aparcament Municipal, lloc on es realitzen al llarg de l&#8217;any diverses activitats, aix\u00ed com gran part de les celebracions de les festes patronals.<\/p>\n\n\n\n<p>Finalment, tamb\u00e9 s&#8217;afrontar\u00e0 la segona fase de l\u2019Espai Cultural d&#8217;Almenara, amb una intervenci\u00f3&nbsp; en el sostre de les instal\u00b7lacions amb una inversi\u00f3 de 48.000 euros. D&#8217;aquesta manera, es continuar\u00e0 actuant despr\u00e9s de la primera fase de les obres que es van fer amb l&#8217;anterior pla de la Diputaci\u00f3, denominat Castell\u00f3 Avan\u00e7a.<\/p>\n","protected":false},"excerpt":{"rendered":"<p>Entre les inversions destaquen la nova graderia del camp de futbol, els lavabos del Recinte Firal i la segona fase de l\u2019*Espai Cultural El regidor d&#8217;Obres i Serveis de l&#8217;Ajuntament d&#8217;Almenara, Lorenzo Vicent, acompanyat per t\u00e8cnics municipals, ha mantingut una trobada amb diversos constructors locals amb la finalitat d&#8217;informar-los de la intenci\u00f3 del consistori d&#8217;executar &#8230; <a title=\"L\u2019Ajuntament d\u2019Almenara informa els constructors locals sobre le sobres previstes en el Pla Impulsa\" class=\"read-more\" href=\"https:\/\/elcafedepipa.com\/index.php\/2025\/01\/22\/lajuntament-dalmenara-informa-els-constructors-locals-sobre-le-sobres-previstes-en-el-pla-impulsa\/\" aria-label=\"M\u00e9s informaci\u00f3 sobre L\u2019Ajuntament d\u2019Almenara informa els constructors locals sobre le sobres previstes en el Pla Impulsa\">Read more<\/a><\/p>\n","protected":false},"author":2,"featured_media":10053,"comment_status":"closed","ping_status":"closed","sticky":false,"template":"","format":"standard","meta":{"om_disable_all_campaigns":false,"_monsterinsights_skip_tracking":false,"_monsterinsights_sitenote_active":false,"_monsterinsights_sitenote_note":"","_monsterinsights_sitenote_category":0,"_uf_show_specific_survey":0,"_uf_disable_surveys":false,"footnotes":""},"categories":[5],"tags":[],"class_list":["post-10052","post","type-post","status-publish","format-standard","has-post-thumbnail","hentry","category-almenara"],"_links":{"self":[{"href":"https:\/\/elcafedepipa.com\/index.php\/wp-json\/wp\/v2\/posts\/10052","targetHints":{"allow":["GET"]}}],"collection":[{"href":"https:\/\/elcafedepipa.com\/index.php\/wp-json\/wp\/v2\/posts"}],"about":[{"href":"https:\/\/elcafedepipa.com\/index.php\/wp-json\/wp\/v2\/types\/post"}],"author":[{"embeddable":true,"href":"https:\/\/elcafedepipa.com\/index.php\/wp-json\/wp\/v2\/users\/2"}],"replies":[{"embeddable":true,"href":"https:\/\/elcafedepipa.com\/index.php\/wp-json\/wp\/v2\/comments?post=10052"}],"version-history":[{"count":0,"href":"https:\/\/elcafedepipa.com\/index.php\/wp-json\/wp\/v2\/posts\/10052\/revisions"}],"wp:featuredmedia":[{"embeddable":true,"href":"https:\/\/elcafedepipa.com\/index.php\/wp-json\/wp\/v2\/media\/10053"}],"wp:attachment":[{"href":"https:\/\/elcafedepipa.com\/index.php\/wp-json\/wp\/v2\/media?parent=10052"}],"wp:term":[{"taxonomy":"category","embeddable":true,"href":"https:\/\/elcafedepipa.com\/index.php\/wp-json\/wp\/v2\/categories?post=10052"},{"taxonomy":"post_tag","embeddable":true,"href":"https:\/\/elcafedepipa.com\/index.php\/wp-json\/wp\/v2\/tags?post=10052"}],"curies":[{"name":"wp","href":"https:\/\/api.w.org\/{rel}","templated":true}]}}