{"id":10014,"date":"2025-01-21T15:15:10","date_gmt":"2025-01-21T14:15:10","guid":{"rendered":"https:\/\/elcafedepipa.com\/?p=10014"},"modified":"2025-01-21T15:15:11","modified_gmt":"2025-01-21T14:15:11","slug":"la-diputacio-exigix-al-govern-central-la-proteccio-de-la-costa-i-larribada-real-i-efectiva-de-les-ajudes-pels-danys-ocasionats-per-la-dana","status":"publish","type":"post","link":"https:\/\/elcafedepipa.com\/index.php\/2025\/01\/21\/la-diputacio-exigix-al-govern-central-la-proteccio-de-la-costa-i-larribada-real-i-efectiva-de-les-ajudes-pels-danys-ocasionats-per-la-dana\/","title":{"rendered":"La Diputaci\u00f3 exigix al Govern Central la protecci\u00f3 de la costa i l&#8217;arribada \u201creal i efectiva\u201d de les ajudes pels danys ocasionats per la dana"},"content":{"rendered":"\n<p>La instituci\u00f3 provincial ha celebrat este dimarts la sessi\u00f3 ordin\u00e0ria corresponent al mes de gener i en ella s&#8217;ha tornat a exercir el paper reivindicatiu cap a altres administracions amb l&#8217;aprovaci\u00f3 de dos mocions impulsades pel Govern Provincial per a sol\u00b7licitar al Govern d&#8217;Espanya la paralitzaci\u00f3 de les desocupacions de vivendes en la costa castellonenca i perqu\u00e8 concedisca de manera immediata ajudes directes als municipis afectats per la dana.<\/p>\n\n\n\n<p>En primer orde, el ple ha aprovat una moci\u00f3 per a sol\u00b7licitar al Govern d&#8217;Espanya la paralitzaci\u00f3 de les desocupacions de vivendes en la costa de la prov\u00edncia de Castell\u00f3. Una moci\u00f3 en defensa dels ve\u00efns afectats de Torre la Sal i per a aconseguir que l&#8217;Executiu central actue i aprove la reforma de la vigent Llei 22\/1988, de 28 de juliol de Costes. L&#8217;escrit, aprovat per unanimitat, ha vingut motivat despr\u00e9s que la Direcci\u00f3 General de la Costa i la Mar, que dep\u00e9n del Ministeri per a la Transici\u00f3 Ecol\u00f2gica i el Repte Demogr\u00e0fic, haja comen\u00e7at a notificar als propietaris del poblat de Torre la Sal, a Cabanes, la desestimaci\u00f3 dels recursos d&#8217;al\u00e7ada presentats contra la resoluci\u00f3 de Costes de 2021 en la qual s&#8217;acordava la recuperaci\u00f3 possess\u00f2ria de les vivendes al\u00e7ades en esta zona del litoral per estar en domini p\u00fablic mar\u00edtim-terrestre. Esta decisi\u00f3 posa fi a la via administrativa i nom\u00e9s deixa la possibilitat d&#8217;acudir a la via judicial per a impedir el desnonament i l&#8217;expropiaci\u00f3 als propietaris del centenar de vivendes que formen part del poble mar\u00edtim de Torre la Sal.<\/p>\n\n\n\n<p>Com ha explicat el diputat de Medi Natural, Jos\u00e9 Mar\u00eda Andr\u00e9s, \u201cestos nuclis s\u00f3n part de la nostra identitat i no podem permetre el seu enderrocament. Preservar la costa no \u00e9s destruir-la\u201d. Per a aconseguir eixa protecci\u00f3 especial, a trav\u00e9s de la moci\u00f3 aprovada, la Diputaci\u00f3 instar\u00e0 la Mesa del Congr\u00e9s dels Diputats al fet que tramite la Proposici\u00f3 de Llei relativa a la modificaci\u00f3 de la Llei 22\/1988 de Costas que va ser aprovada i remesa pel Senat al mar\u00e7 de 2024. Una moci\u00f3 amb la qual la instituci\u00f3 provincial torna a exigir al Govern d&#8217;Espanya la reforma de la Llei 22\/1988, de Costes que permeta millorar la conciliaci\u00f3 entre la protecci\u00f3 del domini p\u00fablic mar\u00edtim terrestre amb els drets consolidats dels ocupants i el reconeixement del valor etnol\u00f2gic, cultural i hist\u00f2ric dels nuclis de poblaci\u00f3 costaners tradicionals per a atorgar-los protecci\u00f3. A m\u00e9s de sol\u00b7licitar que suspenga qualsevol tr\u00e0mit iniciat que comporte mesures restrictives de drets, enderrocaments, mentres no es realitze la reforma de la Llei de Costes. Amb aix\u00f2, la instituci\u00f3 provincial mostra el seu total suport als ve\u00efns de Torre la Sal.<\/p>\n\n\n\n<p>En segon lloc, i tamb\u00e9 amb una aprovaci\u00f3 per unanimitat, el ple refor\u00e7a les seues exig\u00e8ncies al Govern d&#8217;Espanya perqu\u00e8 concedisca de manera immediata ajudes directes als municipis afectats per a reparar els danys produ\u00efts per les pluges torrencials, entre el 28 d&#8217;octubre i el 6 de novembre de 2024, a la prov\u00edncia de Castell\u00f3. Les pluges torrencials van tindre un abast important en diverses comarques de Castell\u00f3, i encara que no va arribar a tindre els efectes catastr\u00f2fics en la poblaci\u00f3 i en l&#8217;activitat econ\u00f2mica com en altres zones de la Comunitat Valenciana, no pot deixar-se de costat la valoraci\u00f3 de l&#8217;impacte a l&#8217;efecte d&#8217;impulsar les ajudes necess\u00e0ries en aquells municipis que han patit danys. Des de la Diputaci\u00f3 de Castell\u00f3 i la Generalitat Valenciana s&#8217;ha actuat de manera coordinada, permetent l&#8217;acc\u00e9s a tots els municipis, assegurant els serveis b\u00e0sics, reparant camins rurals i depuradores i tamb\u00e9 concedint ajudes als ajuntaments per a poder cobrir gastos inajornables pels treballs extraordinaris vinculats a l&#8217;emerg\u00e8ncia. Un total de 12,4 milions d&#8217;euros entre la Generalitat i la Diputaci\u00f3 en ajudes a 68 ajuntaments de la prov\u00edncia de Castell\u00f3, \u201cenfront de la nul\u00b7la resposta per part del Govern d&#8217;Espanya i ens tornen a deixar tirats\u201d, ha incidit el vicepresident i portaveu del Govern Provincial, H\u00e9ctor Folgado.<\/p>\n\n\n\n<p><strong>Tercera convocat\u00f2ria PERTE<\/strong><\/p>\n\n\n\n<p>El Ministeri per a la Transici\u00f3 Ecol\u00f2gica i el Repte Demogr\u00e0fic ha llan\u00e7at la tercera convocat\u00f2ria de subvencions per a projectes del PERTE Digitalitzaci\u00f3 del Cicle de l&#8217;Aigua, amb una dotaci\u00f3 de 50 milions d&#8217;euros. Els projectes han de centrar-se en l&#8217;efici\u00e8ncia, sostenibilitat i digitalitzaci\u00f3 del cicle de l&#8217;aigua i el termini per a la presentaci\u00f3 de sol\u00b7licituds conclour\u00e0 el pr\u00f2xim 5 de febrer.<\/p>\n\n\n\n<p>Amb l&#8217;objectiu de millorar l&#8217;efic\u00e0cia de la gesti\u00f3 del servei de prove\u00efment d&#8217;aigua, el ple ha aprovat la sol\u00b7licitud de subvenci\u00f3 i creaci\u00f3 d&#8217;agrupaci\u00f3 amb Facsa i Ciclauga per a l&#8217;execuci\u00f3 del projecte EFICAS, enfocat en la digitalitzaci\u00f3 i modernitzaci\u00f3 del cicle urb\u00e0 de l&#8217;aigua. El projecte EFICAS inclou actuacions de digitalitzaci\u00f3, millora de xarxes, efici\u00e8ncia energ\u00e8tica, i sostenibilitat h\u00eddrica, alineades amb les tipologies finan\u00e7ables establides en la convocat\u00f2ria. El pressupost de les actuacions ascendix a 5,6 milions d&#8217;euros. Per a conc\u00f3rrer a esta tercera convocat\u00f2ria, la Diputaci\u00f3 de Castell\u00f3 s&#8217;agrupa amb Facsa i Ciclagua, en qualitat d&#8217;entitats col\u00b7laboradores. Com ha expressat el diputat del Cicle Integral de l&#8217;Aigua, Iv\u00e1n S\u00e1nchez, \u201cvam mostrar un nou comprom\u00eds perqu\u00e8 esta siga la legislatura de l&#8217;aigua i continuar apostant per ser un referent en la modernitzaci\u00f3\u201d.<\/p>\n\n\n\n<p><strong>Reconeixement a Edmundo Gonz\u00e1lez<\/strong><\/p>\n\n\n\n<p>En l&#8217;apartat de mocions, tamb\u00e9 s&#8217;ha aprovat una moci\u00f3 relativa al reconeixement d\u2019Edmundo Gonz\u00e1lez Urrutia com el leg\u00edtim guanyador de les eleccions presidencials del 28 de juliol de 2024 a Vene\u00e7uela i, per tant, com a president electe i leg\u00edtim de Vene\u00e7uela. Este reconeixement es basa en la reiterada negativa de les autoritats electorals vene\u00e7olanes a publicar els resultats dins del termini i en la forma corresponent, la publicaci\u00f3 per part de l&#8217;oposici\u00f3 del 83.5% de les actes verificables que demostren un categ\u00f2ric resultat electoral, i els pronunciaments oficials d&#8217;institucions internacionals com el Centre Carter, Nacions Unides, i l&#8217;Alt Representant de la UE per a Afers exteriors i Seguretat.<\/p>\n","protected":false},"excerpt":{"rendered":"<p>La instituci\u00f3 provincial ha celebrat este dimarts la sessi\u00f3 ordin\u00e0ria corresponent al mes de gener i en ella s&#8217;ha tornat a exercir el paper reivindicatiu cap a altres administracions amb l&#8217;aprovaci\u00f3 de dos mocions impulsades pel Govern Provincial per a sol\u00b7licitar al Govern d&#8217;Espanya la paralitzaci\u00f3 de les desocupacions de vivendes en la costa castellonenca &#8230; <a title=\"La Diputaci\u00f3 exigix al Govern Central la protecci\u00f3 de la costa i l&#8217;arribada \u201creal i efectiva\u201d de les ajudes pels danys ocasionats per la dana\" class=\"read-more\" href=\"https:\/\/elcafedepipa.com\/index.php\/2025\/01\/21\/la-diputacio-exigix-al-govern-central-la-proteccio-de-la-costa-i-larribada-real-i-efectiva-de-les-ajudes-pels-danys-ocasionats-per-la-dana\/\" aria-label=\"M\u00e9s informaci\u00f3 sobre La Diputaci\u00f3 exigix al Govern Central la protecci\u00f3 de la costa i l&#8217;arribada \u201creal i efectiva\u201d de les ajudes pels danys ocasionats per la dana\">Read more<\/a><\/p>\n","protected":false},"author":2,"featured_media":10015,"comment_status":"closed","ping_status":"closed","sticky":false,"template":"","format":"standard","meta":{"om_disable_all_campaigns":false,"_monsterinsights_skip_tracking":false,"_monsterinsights_sitenote_active":false,"_monsterinsights_sitenote_note":"","_monsterinsights_sitenote_category":0,"_uf_show_specific_survey":0,"_uf_disable_surveys":false,"footnotes":""},"categories":[10],"tags":[],"class_list":["post-10014","post","type-post","status-publish","format-standard","has-post-thumbnail","hentry","category-provinciadecastello"],"_links":{"self":[{"href":"https:\/\/elcafedepipa.com\/index.php\/wp-json\/wp\/v2\/posts\/10014","targetHints":{"allow":["GET"]}}],"collection":[{"href":"https:\/\/elcafedepipa.com\/index.php\/wp-json\/wp\/v2\/posts"}],"about":[{"href":"https:\/\/elcafedepipa.com\/index.php\/wp-json\/wp\/v2\/types\/post"}],"author":[{"embeddable":true,"href":"https:\/\/elcafedepipa.com\/index.php\/wp-json\/wp\/v2\/users\/2"}],"replies":[{"embeddable":true,"href":"https:\/\/elcafedepipa.com\/index.php\/wp-json\/wp\/v2\/comments?post=10014"}],"version-history":[{"count":0,"href":"https:\/\/elcafedepipa.com\/index.php\/wp-json\/wp\/v2\/posts\/10014\/revisions"}],"wp:featuredmedia":[{"embeddable":true,"href":"https:\/\/elcafedepipa.com\/index.php\/wp-json\/wp\/v2\/media\/10015"}],"wp:attachment":[{"href":"https:\/\/elcafedepipa.com\/index.php\/wp-json\/wp\/v2\/media?parent=10014"}],"wp:term":[{"taxonomy":"category","embeddable":true,"href":"https:\/\/elcafedepipa.com\/index.php\/wp-json\/wp\/v2\/categories?post=10014"},{"taxonomy":"post_tag","embeddable":true,"href":"https:\/\/elcafedepipa.com\/index.php\/wp-json\/wp\/v2\/tags?post=10014"}],"curies":[{"name":"wp","href":"https:\/\/api.w.org\/{rel}","templated":true}]}}