{"id":10011,"date":"2025-01-21T15:12:01","date_gmt":"2025-01-21T14:12:01","guid":{"rendered":"https:\/\/elcafedepipa.com\/?p=10011"},"modified":"2025-01-21T15:12:03","modified_gmt":"2025-01-21T14:12:03","slug":"lajuntament-dalmenara-porta-a-terme-obres-de-millora-i-manteniment-en-la-llar-dels-jubilats-i-les-jubilades","status":"publish","type":"post","link":"https:\/\/elcafedepipa.com\/index.php\/2025\/01\/21\/lajuntament-dalmenara-porta-a-terme-obres-de-millora-i-manteniment-en-la-llar-dels-jubilats-i-les-jubilades\/","title":{"rendered":"L&#8217;Ajuntament d&#8217;Almenara porta a terme obres de millora i manteniment en la Llar dels Jubilats i les Jubilades"},"content":{"rendered":"\n<p>L&#8217;Ajuntament d&#8217;Almenara est\u00e0 executant obres de millora i manteniment en la Llar dels Jubilats i les Jubilades de la localitat, on se situa la seu de l&#8217;Associaci\u00f3 de Jubilats i Pensionistes \u201cla Creueta\u201d.<\/p>\n\n\n\n<p>L&#8217;actuaci\u00f3 s&#8217;est\u00e0 portant a terme aquests dies per part de la Brigada Municipal d&#8217;Obres i Serveis. Les tasques consisteixen principalment a continuar amb l&#8217;eliminaci\u00f3 d&#8217;humitats en les parets, igual que la supressi\u00f3 de les goteres existents i la substituci\u00f3 de les teules danyades. Tamb\u00e9 s&#8217;estan portant a terme tasques de pintura. Finalment, s&#8217;ha substitu\u00eft la il\u00b7luminaci\u00f3 interior per llums led.<\/p>\n","protected":false},"excerpt":{"rendered":"<p>L&#8217;Ajuntament d&#8217;Almenara est\u00e0 executant obres de millora i manteniment en la Llar dels Jubilats i les Jubilades de la localitat, on se situa la seu de l&#8217;Associaci\u00f3 de Jubilats i Pensionistes \u201cla Creueta\u201d. L&#8217;actuaci\u00f3 s&#8217;est\u00e0 portant a terme aquests dies per part de la Brigada Municipal d&#8217;Obres i Serveis. Les tasques consisteixen principalment a continuar &#8230; <a title=\"L&#8217;Ajuntament d&#8217;Almenara porta a terme obres de millora i manteniment en la Llar dels Jubilats i les Jubilades\" class=\"read-more\" href=\"https:\/\/elcafedepipa.com\/index.php\/2025\/01\/21\/lajuntament-dalmenara-porta-a-terme-obres-de-millora-i-manteniment-en-la-llar-dels-jubilats-i-les-jubilades\/\" aria-label=\"M\u00e9s informaci\u00f3 sobre L&#8217;Ajuntament d&#8217;Almenara porta a terme obres de millora i manteniment en la Llar dels Jubilats i les Jubilades\">Read more<\/a><\/p>\n","protected":false},"author":2,"featured_media":10012,"comment_status":"closed","ping_status":"closed","sticky":false,"template":"","format":"standard","meta":{"om_disable_all_campaigns":false,"_monsterinsights_skip_tracking":false,"_monsterinsights_sitenote_active":false,"_monsterinsights_sitenote_note":"","_monsterinsights_sitenote_category":0,"_uf_show_specific_survey":0,"_uf_disable_surveys":false,"footnotes":""},"categories":[1],"tags":[],"class_list":["post-10011","post","type-post","status-publish","format-standard","has-post-thumbnail","hentry","category-non-classe"],"_links":{"self":[{"href":"https:\/\/elcafedepipa.com\/index.php\/wp-json\/wp\/v2\/posts\/10011","targetHints":{"allow":["GET"]}}],"collection":[{"href":"https:\/\/elcafedepipa.com\/index.php\/wp-json\/wp\/v2\/posts"}],"about":[{"href":"https:\/\/elcafedepipa.com\/index.php\/wp-json\/wp\/v2\/types\/post"}],"author":[{"embeddable":true,"href":"https:\/\/elcafedepipa.com\/index.php\/wp-json\/wp\/v2\/users\/2"}],"replies":[{"embeddable":true,"href":"https:\/\/elcafedepipa.com\/index.php\/wp-json\/wp\/v2\/comments?post=10011"}],"version-history":[{"count":0,"href":"https:\/\/elcafedepipa.com\/index.php\/wp-json\/wp\/v2\/posts\/10011\/revisions"}],"wp:featuredmedia":[{"embeddable":true,"href":"https:\/\/elcafedepipa.com\/index.php\/wp-json\/wp\/v2\/media\/10012"}],"wp:attachment":[{"href":"https:\/\/elcafedepipa.com\/index.php\/wp-json\/wp\/v2\/media?parent=10011"}],"wp:term":[{"taxonomy":"category","embeddable":true,"href":"https:\/\/elcafedepipa.com\/index.php\/wp-json\/wp\/v2\/categories?post=10011"},{"taxonomy":"post_tag","embeddable":true,"href":"https:\/\/elcafedepipa.com\/index.php\/wp-json\/wp\/v2\/tags?post=10011"}],"curies":[{"name":"wp","href":"https:\/\/api.w.org\/{rel}","templated":true}]}}