{"id":10008,"date":"2025-01-21T15:06:36","date_gmt":"2025-01-21T14:06:36","guid":{"rendered":"https:\/\/elcafedepipa.com\/?p=10008"},"modified":"2025-01-21T15:07:17","modified_gmt":"2025-01-21T14:07:17","slug":"jspv-de-la-vall-duixo-exigeix-a-mazon-solucions-al-problema-de-lacces-dels-joves-a-lhabitatge","status":"publish","type":"post","link":"https:\/\/elcafedepipa.com\/index.php\/2025\/01\/21\/jspv-de-la-vall-duixo-exigeix-a-mazon-solucions-al-problema-de-lacces-dels-joves-a-lhabitatge\/","title":{"rendered":"JSPV de la Vall d&#8217;Uix\u00f3 exigeix \u200b\u200ba Maz\u00f3n solucions al problema de l&#8217;acc\u00e9s dels joves a l&#8217;habitatge"},"content":{"rendered":"\n<p><strong>Els socialistes afirmen que el Bot\u00e0nic va rehabilitar 10 habitatges socials, va adjudicar 11 nous i va concedir una ajuda per construir-ne 3 m\u00e9s, mentre que el PP \u201cno ha fet res\u201d en un any i mig<\/strong><\/p>\n\n\n\n<p>JSPV de la Vall d&#8217;Uix\u00f3 ha exigit a Maz\u00f3n \u201cque es pose a treballar per la joventut valenciana, sobretot a l&#8217;acc\u00e9s a l&#8217;habitatge\u201d, tal com ha defensat el seu secretari general, Ximo Zorrilla. Aquesta reivindicaci\u00f3 ha comptat amb el suport de Benjam\u00ed Momp\u00f3, diputat auton\u00f2mic del PSPV i portaveu de joventut i vivenda. I \u00e9s que un any despr\u00e9s de l&#8217;anunci del Pla Vive per part del govern del PP \u201cno en tenim not\u00edcies\u201d.<\/p>\n\n\n\n<p>En una cerca a portals immobiliaris sobre l&#8217;oferta de lloguer a la Vall d&#8217;Uix\u00f3 \u201cels resultats s\u00f3n de no arriba a 10 vivendes amb un preu mitj\u00e0 de 650 euros\u201d, ha denunciat Zorrilla. Per aix\u00f2, ha demanat al govern valenci\u00e0 &#8220;que actue i que aplique la llei d\u00b4habitatge, que a Catalunya s\u00b4est\u00e0 demostrant que funciona per topar i baixar els preus&#8221;. A m\u00e9s ha instat Maz\u00f3n \u201ca sortir del Ventorro\u201d perqu\u00e8 \u201cles seues ganes de treballar per la gent s&#8217;han quedat all\u00e0\u201d.<\/p>\n\n\n\n<p>Des de JSPV s&#8217;insta el govern auton\u00f2mic del PP a \u201cengegar un pla d&#8217;habitatge juvenil que beneficie la Vall, on t\u00e9 terrenys a disposici\u00f3 per fer habitatge p\u00fablic\u201d. Tamb\u00e9 s&#8217;han contrastat models, ja que amb el Govern del Bot\u00e0nic presidit pel PSPV a la Vall d&#8217;Uix\u00f3 es van rehabilitar 10 vivendes socials, es van comprar i van adjudicar 11 vivendes p\u00fabliques \u20136 d&#8217;elles a joves\u2013 i es va concedir una ajuda per a la construcci\u00f3 de 3 nous habitatges, que estan actualment a la fase projecte.<\/p>\n\n\n\n<p>Momp\u00f3 ha lamentat que &#8220;en un any i mig de govern del PP a la Generalitat no han fet res per solucionar el problema de l&#8217;habitatge&#8221;. De fet, han tombat la petici\u00f3 del grup socialista a les Corts Valenciana d&#8217;aplicar la llei estatal d&#8217;habitatge i regular els preus de lloguer. El diputat ha recordat que aquesta \u00e9s una compet\u00e8ncia auton\u00f2mica i \u201cla inacci\u00f3 de Maz\u00f3n est\u00e0 afectant la vida de les persones, sobretot dels joves\u201d.<\/p>\n\n\n\n<p>En aquest sentit, moltes persones s&#8217;han quedat \u201csense les ajudes al lloguer tot i complir tots els requisits, perqu\u00e8 el Consell no ha dedicat prou pressupost\u201d. El 2023 va destinar 0 euros, mentre que el Govern d&#8217;Espanya inverteix 9 milions d&#8217;euros a l&#8217;any, cosa que demostra la voluntat de cada govern, ha finalitzat Momp\u00f3.<\/p>\n","protected":false},"excerpt":{"rendered":"<p>Els socialistes afirmen que el Bot\u00e0nic va rehabilitar 10 habitatges socials, va adjudicar 11 nous i va concedir una ajuda per construir-ne 3 m\u00e9s, mentre que el PP \u201cno ha fet res\u201d en un any i mig JSPV de la Vall d&#8217;Uix\u00f3 ha exigit a Maz\u00f3n \u201cque es pose a treballar per la joventut valenciana, &#8230; <a title=\"JSPV de la Vall d&#8217;Uix\u00f3 exigeix \u200b\u200ba Maz\u00f3n solucions al problema de l&#8217;acc\u00e9s dels joves a l&#8217;habitatge\" class=\"read-more\" href=\"https:\/\/elcafedepipa.com\/index.php\/2025\/01\/21\/jspv-de-la-vall-duixo-exigeix-a-mazon-solucions-al-problema-de-lacces-dels-joves-a-lhabitatge\/\" aria-label=\"M\u00e9s informaci\u00f3 sobre JSPV de la Vall d&#8217;Uix\u00f3 exigeix \u200b\u200ba Maz\u00f3n solucions al problema de l&#8217;acc\u00e9s dels joves a l&#8217;habitatge\">Read more<\/a><\/p>\n","protected":false},"author":2,"featured_media":10009,"comment_status":"closed","ping_status":"closed","sticky":false,"template":"","format":"standard","meta":{"om_disable_all_campaigns":false,"_monsterinsights_skip_tracking":false,"_monsterinsights_sitenote_active":false,"_monsterinsights_sitenote_note":"","_monsterinsights_sitenote_category":0,"_uf_show_specific_survey":0,"_uf_disable_surveys":false,"footnotes":""},"categories":[1],"tags":[],"class_list":["post-10008","post","type-post","status-publish","format-standard","has-post-thumbnail","hentry","category-non-classe"],"_links":{"self":[{"href":"https:\/\/elcafedepipa.com\/index.php\/wp-json\/wp\/v2\/posts\/10008","targetHints":{"allow":["GET"]}}],"collection":[{"href":"https:\/\/elcafedepipa.com\/index.php\/wp-json\/wp\/v2\/posts"}],"about":[{"href":"https:\/\/elcafedepipa.com\/index.php\/wp-json\/wp\/v2\/types\/post"}],"author":[{"embeddable":true,"href":"https:\/\/elcafedepipa.com\/index.php\/wp-json\/wp\/v2\/users\/2"}],"replies":[{"embeddable":true,"href":"https:\/\/elcafedepipa.com\/index.php\/wp-json\/wp\/v2\/comments?post=10008"}],"version-history":[{"count":0,"href":"https:\/\/elcafedepipa.com\/index.php\/wp-json\/wp\/v2\/posts\/10008\/revisions"}],"wp:featuredmedia":[{"embeddable":true,"href":"https:\/\/elcafedepipa.com\/index.php\/wp-json\/wp\/v2\/media\/10009"}],"wp:attachment":[{"href":"https:\/\/elcafedepipa.com\/index.php\/wp-json\/wp\/v2\/media?parent=10008"}],"wp:term":[{"taxonomy":"category","embeddable":true,"href":"https:\/\/elcafedepipa.com\/index.php\/wp-json\/wp\/v2\/categories?post=10008"},{"taxonomy":"post_tag","embeddable":true,"href":"https:\/\/elcafedepipa.com\/index.php\/wp-json\/wp\/v2\/tags?post=10008"}],"curies":[{"name":"wp","href":"https:\/\/api.w.org\/{rel}","templated":true}]}}